{"id":82335,"date":"2021-09-15T12:14:01","date_gmt":"2021-09-15T10:14:01","guid":{"rendered":"https:\/\/www.jbonet-mobilier.com\/france-design-week-celebrates-design-in-september\/"},"modified":"2026-03-02T15:45:28","modified_gmt":"2026-03-02T14:45:28","slug":"france-design-week-celebrates-design-in-september","status":"publish","type":"post","link":"https:\/\/www.jbonet-mobilier.com\/en\/france-design-week-celebrates-design-in-september\/","title":{"rendered":"France Design Week Celebrates Design in September"},"content":{"rendered":"<p>Throughout September, <a href=\"https:\/\/www.jbonet-mobilier.com\/en\/\">design<\/a> takes center stage in France through the France Design Week event, organized from September 7 to 28 throughout France. This event is led by APCI \u2013 Promotion du Design, and aims to <strong>give visibility to the diversity and vitality of French design practices<\/strong>. Specifically, the objective is to open the doors of design to as many French people as possible.  <\/p>\n<p>More than 350 events have received the France Design Week label\u2014events organized by numerous stakeholders (schools, companies, studios, agencies, etc.) taking all forms: exhibitions, conferences, open houses, design studio tours, workshops, etc.<\/p>\n<h4>This edition of France Design Week was accompanied by the launch of a platform that will list all events. Visitors will be able to select events near them using an interactive map. And speaking of which, we decided to give you a brief focus on events organized in our beloved South region.  <\/h4>\n<p><strong>In Nice, Discover the &#8220;Cond\u00e9 Circuit Court&#8221; Exhibitions<\/strong><\/p>\n<p>This exhibition aims to highlight partnerships between students from the eight campuses of \u00c9cole de Cond\u00e9 and the companies, institutions, and associations that have engaged them. As such, the school will exhibit the work produced in each of its campuses, with a focus on showcasing work that addresses local issues and the responsibility to propose projects connected to reality. <\/p>\n<p>To be discovered at the <a href=\"https:\/\/ecoles-conde.com\/en\/campus\/ecole-de-conde-nice\/\">\u00c9cole de Cond\u00e9<\/a> campus in Nice:<\/p>\n<p>Address: 4 rue Biscarra<\/p>\n<p>Tuesday, September 7 to Friday, September 17, 9:00 AM \u2013 5:00 PM<br \/>\nMonday, September 20 to Friday, September 24, 8:00 AM \u2013 7:30 PM<\/p>\n<h4><strong>In Marseille, Design Meets Pastis!<\/strong><\/h4>\n<p>The France Design Week event is not only about exhibitions, workshops, etc., but also highlights events where minds will brainstorm. And that&#8217;s the whole point of <strong>Pastis.design,<\/strong> a Marseille-based community that organizes design meetups followed by an aperitif. The goal of these meetups is to create encounters and sharing to learn and have fun around design.  <\/p>\n<p>Address: <a href=\"https:\/\/www.la-briqueterie.fr\/evenement\/pastis-design\">La Briqueterie,<\/a> 19 Place Jean Jaur\u00e8s<\/p>\n<p>Tuesday, September 21, 6:30 PM to 10:30 PM<\/p>\n<h4><strong>In Arles, Culinary Design Takes the Spotlight<\/strong><\/h4>\n<p>Design is now integrated into our entire daily life, and cuisine is no exception. In fact, chefs place particular importance on their creations, at a time when visuals shared on Instagram have considerable significance for them. As such, the Pays d&#8217;Arles has decided to honor the richness of its IGP, AOP, and Label Rouge certified products, between Alpilles, Crau, and Camargue, through a sensory journey offered by Rosa Pilipel.  <\/p>\n<p>Address: PETR du Pays d&#8217;Arles, Couvent Saint C\u00e9saire impasse des Mourgues, 13200 Arles<\/p>\n<p>Thursday, September 23 at 6:00 PM<\/p>\n<p>&nbsp;<\/p>\n","protected":false},"excerpt":{"rendered":"<p>Throughout September, design takes center stage in France through the France Design Week event, organized from September 7 to 28 throughout France. This event is led by APCI \u2013 Promotion du Design, and aims to give visibility to the diversity and vitality of French design practices. Specifically, the objective is to open the doors of&hellip;<\/p>\n","protected":false},"author":5,"featured_media":82336,"comment_status":"closed","ping_status":"closed","sticky":false,"template":"","format":"standard","meta":{"footnotes":""},"categories":[1],"tags":[],"class_list":["post-82335","post","type-post","status-publish","format-standard","has-post-thumbnail","hentry","category-non-classe","category-1","description-off"],"yoast_head":"<!-- This site is optimized with the Yoast SEO plugin v27.5 - https:\/\/yoast.com\/product\/yoast-seo-wordpress\/ -->\n<title>France Design Week Celebrates Design in September - Jbonet | Mobilier Design et Bureau<\/title>\n<meta name=\"description\" content=\"Design takes center stage in France through the France Design Week event, organized from September 7 to 28 throughout France. Focus on events organized in our South region.\" \/>\n<meta name=\"robots\" content=\"index, follow, max-snippet:-1, max-image-preview:large, max-video-preview:-1\" \/>\n<link rel=\"canonical\" href=\"https:\/\/www.jbonet-mobilier.com\/en\/france-design-week-celebrates-design-in-september\/\" \/>\n<meta property=\"og:locale\" content=\"en_US\" \/>\n<meta property=\"og:type\" content=\"article\" \/>\n<meta property=\"og:title\" content=\"France Design Week Celebrates Design in September - Jbonet | Mobilier Design et Bureau\" \/>\n<meta property=\"og:description\" content=\"Design takes center stage in France through the France Design Week event, organized from September 7 to 28 throughout France. Focus on events organized in our South region.\" \/>\n<meta property=\"og:url\" content=\"https:\/\/www.jbonet-mobilier.com\/en\/france-design-week-celebrates-design-in-september\/\" \/>\n<meta property=\"og:site_name\" content=\"Jbonet | Mobilier Design et Bureau\" \/>\n<meta property=\"article:publisher\" content=\"https:\/\/www.facebook.com\/jbonet.mobilier\/\" \/>\n<meta property=\"article:published_time\" content=\"2021-09-15T10:14:01+00:00\" \/>\n<meta property=\"article:modified_time\" content=\"2026-03-02T14:45:28+00:00\" \/>\n<meta property=\"og:image\" content=\"https:\/\/www.jbonet-mobilier.com\/wp-content\/uploads\/2021\/09\/signs_inside1-1620x1080-1.jpg\" \/>\n\t<meta property=\"og:image:width\" content=\"1620\" \/>\n\t<meta property=\"og:image:height\" content=\"1080\" \/>\n\t<meta property=\"og:image:type\" content=\"image\/jpeg\" \/>\n<meta name=\"author\" content=\"jbonet\" \/>\n<meta name=\"twitter:card\" content=\"summary_large_image\" \/>\n<meta name=\"twitter:label1\" content=\"Written by\" \/>\n\t<meta name=\"twitter:data1\" content=\"jbonet\" \/>\n\t<meta name=\"twitter:label2\" content=\"Est. reading time\" \/>\n\t<meta name=\"twitter:data2\" content=\"2 minutes\" \/>\n<script type=\"application\/ld+json\" class=\"yoast-schema-graph\">{\"@context\":\"https:\\\/\\\/schema.org\",\"@graph\":[{\"@type\":\"Article\",\"@id\":\"https:\\\/\\\/www.jbonet-mobilier.com\\\/en\\\/france-design-week-celebrates-design-in-september\\\/#article\",\"isPartOf\":{\"@id\":\"https:\\\/\\\/www.jbonet-mobilier.com\\\/en\\\/france-design-week-celebrates-design-in-september\\\/\"},\"author\":{\"name\":\"jbonet\",\"@id\":\"https:\\\/\\\/www.jbonet-mobilier.com\\\/en\\\/#\\\/schema\\\/person\\\/8e6c370a397c8fa0ef828f58239b66d4\"},\"headline\":\"France Design Week Celebrates Design in September\",\"datePublished\":\"2021-09-15T10:14:01+00:00\",\"dateModified\":\"2026-03-02T14:45:28+00:00\",\"mainEntityOfPage\":{\"@id\":\"https:\\\/\\\/www.jbonet-mobilier.com\\\/en\\\/france-design-week-celebrates-design-in-september\\\/\"},\"wordCount\":417,\"publisher\":{\"@id\":\"https:\\\/\\\/www.jbonet-mobilier.com\\\/en\\\/#organization\"},\"image\":{\"@id\":\"https:\\\/\\\/www.jbonet-mobilier.com\\\/en\\\/france-design-week-celebrates-design-in-september\\\/#primaryimage\"},\"thumbnailUrl\":\"https:\\\/\\\/www.jbonet-mobilier.com\\\/wp-content\\\/uploads\\\/2021\\\/09\\\/signs_inside1-1620x1080-1.jpg\",\"articleSection\":[\"Non class\u00e9\"],\"inLanguage\":\"en-US\"},{\"@type\":\"WebPage\",\"@id\":\"https:\\\/\\\/www.jbonet-mobilier.com\\\/en\\\/france-design-week-celebrates-design-in-september\\\/\",\"url\":\"https:\\\/\\\/www.jbonet-mobilier.com\\\/en\\\/france-design-week-celebrates-design-in-september\\\/\",\"name\":\"France Design Week Celebrates Design in September - Jbonet | Mobilier Design et Bureau\",\"isPartOf\":{\"@id\":\"https:\\\/\\\/www.jbonet-mobilier.com\\\/en\\\/#website\"},\"primaryImageOfPage\":{\"@id\":\"https:\\\/\\\/www.jbonet-mobilier.com\\\/en\\\/france-design-week-celebrates-design-in-september\\\/#primaryimage\"},\"image\":{\"@id\":\"https:\\\/\\\/www.jbonet-mobilier.com\\\/en\\\/france-design-week-celebrates-design-in-september\\\/#primaryimage\"},\"thumbnailUrl\":\"https:\\\/\\\/www.jbonet-mobilier.com\\\/wp-content\\\/uploads\\\/2021\\\/09\\\/signs_inside1-1620x1080-1.jpg\",\"datePublished\":\"2021-09-15T10:14:01+00:00\",\"dateModified\":\"2026-03-02T14:45:28+00:00\",\"description\":\"Design takes center stage in France through the France Design Week event, organized from September 7 to 28 throughout France. Focus on events organized in our South region.\",\"breadcrumb\":{\"@id\":\"https:\\\/\\\/www.jbonet-mobilier.com\\\/en\\\/france-design-week-celebrates-design-in-september\\\/#breadcrumb\"},\"inLanguage\":\"en-US\",\"potentialAction\":[{\"@type\":\"ReadAction\",\"target\":[\"https:\\\/\\\/www.jbonet-mobilier.com\\\/en\\\/france-design-week-celebrates-design-in-september\\\/\"]}]},{\"@type\":\"ImageObject\",\"inLanguage\":\"en-US\",\"@id\":\"https:\\\/\\\/www.jbonet-mobilier.com\\\/en\\\/france-design-week-celebrates-design-in-september\\\/#primaryimage\",\"url\":\"https:\\\/\\\/www.jbonet-mobilier.com\\\/wp-content\\\/uploads\\\/2021\\\/09\\\/signs_inside1-1620x1080-1.jpg\",\"contentUrl\":\"https:\\\/\\\/www.jbonet-mobilier.com\\\/wp-content\\\/uploads\\\/2021\\\/09\\\/signs_inside1-1620x1080-1.jpg\",\"width\":1620,\"height\":1080,\"caption\":\"France Design Week\"},{\"@type\":\"BreadcrumbList\",\"@id\":\"https:\\\/\\\/www.jbonet-mobilier.com\\\/en\\\/france-design-week-celebrates-design-in-september\\\/#breadcrumb\",\"itemListElement\":[{\"@type\":\"ListItem\",\"position\":1,\"name\":\"Accueil\",\"item\":\"https:\\\/\\\/www.jbonet-mobilier.com\\\/en\\\/home\\\/\"},{\"@type\":\"ListItem\",\"position\":2,\"name\":\"Non class\u00e9\",\"item\":\"https:\\\/\\\/www.jbonet-mobilier.com\\\/en\\\/category\\\/non-classe\\\/\"},{\"@type\":\"ListItem\",\"position\":3,\"name\":\"France Design Week Celebrates Design in September\"}]},{\"@type\":\"WebSite\",\"@id\":\"https:\\\/\\\/www.jbonet-mobilier.com\\\/en\\\/#website\",\"url\":\"https:\\\/\\\/www.jbonet-mobilier.com\\\/en\\\/\",\"name\":\"Jbonet mobilier\",\"description\":\"Jbonet Mobilier est sp\u00e9cialiste du design contemporain et de l&#039;am\u00e9nagement d&#039;espaces professionnels depuis 1975 \u00e0 Nice, Cannes, Monaco, Sophia Antipolis et alentours.\",\"publisher\":{\"@id\":\"https:\\\/\\\/www.jbonet-mobilier.com\\\/en\\\/#organization\"},\"alternateName\":\"Jbonet\",\"potentialAction\":[{\"@type\":\"SearchAction\",\"target\":{\"@type\":\"EntryPoint\",\"urlTemplate\":\"https:\\\/\\\/www.jbonet-mobilier.com\\\/en\\\/?s={search_term_string}\"},\"query-input\":{\"@type\":\"PropertyValueSpecification\",\"valueRequired\":true,\"valueName\":\"search_term_string\"}}],\"inLanguage\":\"en-US\"},{\"@type\":\"Organization\",\"@id\":\"https:\\\/\\\/www.jbonet-mobilier.com\\\/en\\\/#organization\",\"name\":\"Jbonet\",\"alternateName\":\"Jbonet mobilier\",\"url\":\"https:\\\/\\\/www.jbonet-mobilier.com\\\/en\\\/\",\"logo\":{\"@type\":\"ImageObject\",\"inLanguage\":\"en-US\",\"@id\":\"https:\\\/\\\/www.jbonet-mobilier.com\\\/en\\\/#\\\/schema\\\/logo\\\/image\\\/\",\"url\":\"https:\\\/\\\/www.jbonet-mobilier.com\\\/wp-content\\\/uploads\\\/2023\\\/01\\\/favicon-site-internet.png\",\"contentUrl\":\"https:\\\/\\\/www.jbonet-mobilier.com\\\/wp-content\\\/uploads\\\/2023\\\/01\\\/favicon-site-internet.png\",\"width\":512,\"height\":512,\"caption\":\"Jbonet\"},\"image\":{\"@id\":\"https:\\\/\\\/www.jbonet-mobilier.com\\\/en\\\/#\\\/schema\\\/logo\\\/image\\\/\"},\"sameAs\":[\"https:\\\/\\\/www.facebook.com\\\/jbonet.mobilier\\\/\",\"https:\\\/\\\/www.instagram.com\\\/jbonet_mobilier\\\/?hl=fr\",\"https:\\\/\\\/www.linkedin.com\\\/company\\\/3230729\",\"https:\\\/\\\/www.pinterest.fr\\\/JbonetDesign\\\/boards\\\/\"]},{\"@type\":\"Person\",\"@id\":\"https:\\\/\\\/www.jbonet-mobilier.com\\\/en\\\/#\\\/schema\\\/person\\\/8e6c370a397c8fa0ef828f58239b66d4\",\"name\":\"jbonet\",\"image\":{\"@type\":\"ImageObject\",\"inLanguage\":\"en-US\",\"@id\":\"https:\\\/\\\/secure.gravatar.com\\\/avatar\\\/95fa67a4f2e8dc89dfe865e3688ee82ec702a0fa2e19624870e039b21894a56a?s=96&d=mm&r=g\",\"url\":\"https:\\\/\\\/secure.gravatar.com\\\/avatar\\\/95fa67a4f2e8dc89dfe865e3688ee82ec702a0fa2e19624870e039b21894a56a?s=96&d=mm&r=g\",\"contentUrl\":\"https:\\\/\\\/secure.gravatar.com\\\/avatar\\\/95fa67a4f2e8dc89dfe865e3688ee82ec702a0fa2e19624870e039b21894a56a?s=96&d=mm&r=g\",\"caption\":\"jbonet\"},\"url\":\"https:\\\/\\\/www.jbonet-mobilier.com\\\/en\\\/author\\\/mdiopjbonet-mobilier-com\\\/\"}]}<\/script>\n<!-- \/ Yoast SEO plugin. -->","yoast_head_json":{"title":"France Design Week Celebrates Design in September - Jbonet | Mobilier Design et Bureau","description":"Design takes center stage in France through the France Design Week event, organized from September 7 to 28 throughout France. Focus on events organized in our South region.","robots":{"index":"index","follow":"follow","max-snippet":"max-snippet:-1","max-image-preview":"max-image-preview:large","max-video-preview":"max-video-preview:-1"},"canonical":"https:\/\/www.jbonet-mobilier.com\/en\/france-design-week-celebrates-design-in-september\/","og_locale":"en_US","og_type":"article","og_title":"France Design Week Celebrates Design in September - Jbonet | Mobilier Design et Bureau","og_description":"Design takes center stage in France through the France Design Week event, organized from September 7 to 28 throughout France. Focus on events organized in our South region.","og_url":"https:\/\/www.jbonet-mobilier.com\/en\/france-design-week-celebrates-design-in-september\/","og_site_name":"Jbonet | Mobilier Design et Bureau","article_publisher":"https:\/\/www.facebook.com\/jbonet.mobilier\/","article_published_time":"2021-09-15T10:14:01+00:00","article_modified_time":"2026-03-02T14:45:28+00:00","og_image":[{"width":1620,"height":1080,"url":"https:\/\/www.jbonet-mobilier.com\/wp-content\/uploads\/2021\/09\/signs_inside1-1620x1080-1.jpg","type":"image\/jpeg"}],"author":"jbonet","twitter_card":"summary_large_image","twitter_misc":{"Written by":"jbonet","Est. reading time":"2 minutes"},"schema":{"@context":"https:\/\/schema.org","@graph":[{"@type":"Article","@id":"https:\/\/www.jbonet-mobilier.com\/en\/france-design-week-celebrates-design-in-september\/#article","isPartOf":{"@id":"https:\/\/www.jbonet-mobilier.com\/en\/france-design-week-celebrates-design-in-september\/"},"author":{"name":"jbonet","@id":"https:\/\/www.jbonet-mobilier.com\/en\/#\/schema\/person\/8e6c370a397c8fa0ef828f58239b66d4"},"headline":"France Design Week Celebrates Design in September","datePublished":"2021-09-15T10:14:01+00:00","dateModified":"2026-03-02T14:45:28+00:00","mainEntityOfPage":{"@id":"https:\/\/www.jbonet-mobilier.com\/en\/france-design-week-celebrates-design-in-september\/"},"wordCount":417,"publisher":{"@id":"https:\/\/www.jbonet-mobilier.com\/en\/#organization"},"image":{"@id":"https:\/\/www.jbonet-mobilier.com\/en\/france-design-week-celebrates-design-in-september\/#primaryimage"},"thumbnailUrl":"https:\/\/www.jbonet-mobilier.com\/wp-content\/uploads\/2021\/09\/signs_inside1-1620x1080-1.jpg","articleSection":["Non class\u00e9"],"inLanguage":"en-US"},{"@type":"WebPage","@id":"https:\/\/www.jbonet-mobilier.com\/en\/france-design-week-celebrates-design-in-september\/","url":"https:\/\/www.jbonet-mobilier.com\/en\/france-design-week-celebrates-design-in-september\/","name":"France Design Week Celebrates Design in September - Jbonet | Mobilier Design et Bureau","isPartOf":{"@id":"https:\/\/www.jbonet-mobilier.com\/en\/#website"},"primaryImageOfPage":{"@id":"https:\/\/www.jbonet-mobilier.com\/en\/france-design-week-celebrates-design-in-september\/#primaryimage"},"image":{"@id":"https:\/\/www.jbonet-mobilier.com\/en\/france-design-week-celebrates-design-in-september\/#primaryimage"},"thumbnailUrl":"https:\/\/www.jbonet-mobilier.com\/wp-content\/uploads\/2021\/09\/signs_inside1-1620x1080-1.jpg","datePublished":"2021-09-15T10:14:01+00:00","dateModified":"2026-03-02T14:45:28+00:00","description":"Design takes center stage in France through the France Design Week event, organized from September 7 to 28 throughout France. Focus on events organized in our South region.","breadcrumb":{"@id":"https:\/\/www.jbonet-mobilier.com\/en\/france-design-week-celebrates-design-in-september\/#breadcrumb"},"inLanguage":"en-US","potentialAction":[{"@type":"ReadAction","target":["https:\/\/www.jbonet-mobilier.com\/en\/france-design-week-celebrates-design-in-september\/"]}]},{"@type":"ImageObject","inLanguage":"en-US","@id":"https:\/\/www.jbonet-mobilier.com\/en\/france-design-week-celebrates-design-in-september\/#primaryimage","url":"https:\/\/www.jbonet-mobilier.com\/wp-content\/uploads\/2021\/09\/signs_inside1-1620x1080-1.jpg","contentUrl":"https:\/\/www.jbonet-mobilier.com\/wp-content\/uploads\/2021\/09\/signs_inside1-1620x1080-1.jpg","width":1620,"height":1080,"caption":"France Design Week"},{"@type":"BreadcrumbList","@id":"https:\/\/www.jbonet-mobilier.com\/en\/france-design-week-celebrates-design-in-september\/#breadcrumb","itemListElement":[{"@type":"ListItem","position":1,"name":"Accueil","item":"https:\/\/www.jbonet-mobilier.com\/en\/home\/"},{"@type":"ListItem","position":2,"name":"Non class\u00e9","item":"https:\/\/www.jbonet-mobilier.com\/en\/category\/non-classe\/"},{"@type":"ListItem","position":3,"name":"France Design Week Celebrates Design in September"}]},{"@type":"WebSite","@id":"https:\/\/www.jbonet-mobilier.com\/en\/#website","url":"https:\/\/www.jbonet-mobilier.com\/en\/","name":"Jbonet mobilier","description":"Jbonet Mobilier est sp\u00e9cialiste du design contemporain et de l&#039;am\u00e9nagement d&#039;espaces professionnels depuis 1975 \u00e0 Nice, Cannes, Monaco, Sophia Antipolis et alentours.","publisher":{"@id":"https:\/\/www.jbonet-mobilier.com\/en\/#organization"},"alternateName":"Jbonet","potentialAction":[{"@type":"SearchAction","target":{"@type":"EntryPoint","urlTemplate":"https:\/\/www.jbonet-mobilier.com\/en\/?s={search_term_string}"},"query-input":{"@type":"PropertyValueSpecification","valueRequired":true,"valueName":"search_term_string"}}],"inLanguage":"en-US"},{"@type":"Organization","@id":"https:\/\/www.jbonet-mobilier.com\/en\/#organization","name":"Jbonet","alternateName":"Jbonet mobilier","url":"https:\/\/www.jbonet-mobilier.com\/en\/","logo":{"@type":"ImageObject","inLanguage":"en-US","@id":"https:\/\/www.jbonet-mobilier.com\/en\/#\/schema\/logo\/image\/","url":"https:\/\/www.jbonet-mobilier.com\/wp-content\/uploads\/2023\/01\/favicon-site-internet.png","contentUrl":"https:\/\/www.jbonet-mobilier.com\/wp-content\/uploads\/2023\/01\/favicon-site-internet.png","width":512,"height":512,"caption":"Jbonet"},"image":{"@id":"https:\/\/www.jbonet-mobilier.com\/en\/#\/schema\/logo\/image\/"},"sameAs":["https:\/\/www.facebook.com\/jbonet.mobilier\/","https:\/\/www.instagram.com\/jbonet_mobilier\/?hl=fr","https:\/\/www.linkedin.com\/company\/3230729","https:\/\/www.pinterest.fr\/JbonetDesign\/boards\/"]},{"@type":"Person","@id":"https:\/\/www.jbonet-mobilier.com\/en\/#\/schema\/person\/8e6c370a397c8fa0ef828f58239b66d4","name":"jbonet","image":{"@type":"ImageObject","inLanguage":"en-US","@id":"https:\/\/secure.gravatar.com\/avatar\/95fa67a4f2e8dc89dfe865e3688ee82ec702a0fa2e19624870e039b21894a56a?s=96&d=mm&r=g","url":"https:\/\/secure.gravatar.com\/avatar\/95fa67a4f2e8dc89dfe865e3688ee82ec702a0fa2e19624870e039b21894a56a?s=96&d=mm&r=g","contentUrl":"https:\/\/secure.gravatar.com\/avatar\/95fa67a4f2e8dc89dfe865e3688ee82ec702a0fa2e19624870e039b21894a56a?s=96&d=mm&r=g","caption":"jbonet"},"url":"https:\/\/www.jbonet-mobilier.com\/en\/author\/mdiopjbonet-mobilier-com\/"}]}},"_links":{"self":[{"href":"https:\/\/www.jbonet-mobilier.com\/en\/wp-json\/wp\/v2\/posts\/82335","targetHints":{"allow":["GET"]}}],"collection":[{"href":"https:\/\/www.jbonet-mobilier.com\/en\/wp-json\/wp\/v2\/posts"}],"about":[{"href":"https:\/\/www.jbonet-mobilier.com\/en\/wp-json\/wp\/v2\/types\/post"}],"author":[{"embeddable":true,"href":"https:\/\/www.jbonet-mobilier.com\/en\/wp-json\/wp\/v2\/users\/5"}],"replies":[{"embeddable":true,"href":"https:\/\/www.jbonet-mobilier.com\/en\/wp-json\/wp\/v2\/comments?post=82335"}],"version-history":[{"count":0,"href":"https:\/\/www.jbonet-mobilier.com\/en\/wp-json\/wp\/v2\/posts\/82335\/revisions"}],"wp:featuredmedia":[{"embeddable":true,"href":"https:\/\/www.jbonet-mobilier.com\/en\/wp-json\/wp\/v2\/media\/82336"}],"wp:attachment":[{"href":"https:\/\/www.jbonet-mobilier.com\/en\/wp-json\/wp\/v2\/media?parent=82335"}],"wp:term":[{"taxonomy":"category","embeddable":true,"href":"https:\/\/www.jbonet-mobilier.com\/en\/wp-json\/wp\/v2\/categories?post=82335"},{"taxonomy":"post_tag","embeddable":true,"href":"https:\/\/www.jbonet-mobilier.com\/en\/wp-json\/wp\/v2\/tags?post=82335"}],"curies":[{"name":"wp","href":"https:\/\/api.w.org\/{rel}","templated":true}]}}