{"id":82672,"date":"2025-05-30T16:52:50","date_gmt":"2025-05-30T14:52:50","guid":{"rendered":"https:\/\/www.jbonet-mobilier.com\/why-does-vitra-remain-an-essential-reference-in-contemporary-design\/"},"modified":"2026-03-02T15:56:34","modified_gmt":"2026-03-02T14:56:34","slug":"why-does-vitra-remain-an-essential-reference-in-contemporary-design","status":"publish","type":"post","link":"https:\/\/www.jbonet-mobilier.com\/en\/why-does-vitra-remain-an-essential-reference-in-contemporary-design\/","title":{"rendered":"Why does Vitra remain an essential reference in contemporary design?"},"content":{"rendered":"\t\t<div data-elementor-type=\"wp-post\" data-elementor-id=\"82672\" class=\"elementor elementor-82672 elementor-81333\" data-elementor-post-type=\"post\">\n\t\t\t\t\t\t<section class=\"elementor-section elementor-top-section elementor-element elementor-element-6717ce8 elementor-section-boxed elementor-section-height-default elementor-section-height-default\" data-id=\"6717ce8\" data-element_type=\"section\" data-e-type=\"section\">\n\t\t\t\t\t\t<div class=\"elementor-container elementor-column-gap-default\">\n\t\t\t\t\t<div class=\"elementor-column elementor-col-100 elementor-top-column elementor-element elementor-element-82e6475\" data-id=\"82e6475\" data-element_type=\"column\" data-e-type=\"column\">\n\t\t\t<div class=\"elementor-widget-wrap elementor-element-populated\">\n\t\t\t\t\t\t<div class=\"elementor-element elementor-element-581f349 elementor-widget elementor-widget-image\" data-id=\"581f349\" data-element_type=\"widget\" data-e-type=\"widget\" data-widget_type=\"image.default\">\n\t\t\t\t<div class=\"elementor-widget-container\">\n\t\t\t\t\t\t\t\t\t\t\t\t\t\t\t<img fetchpriority=\"high\" decoding=\"async\" width=\"1024\" height=\"1024\" src=\"https:\/\/www.jbonet-mobilier.com\/wp-content\/uploads\/2022\/08\/14.png\" class=\"attachment-large size-large wp-image-82154\" alt=\"Eames Lounge Chair Jbonet Vitra contemporary design\" \/>\t\t\t\t\t\t\t\t\t\t\t\t\t\t\t<\/div>\n\t\t\t\t<\/div>\n\t\t\t\t\t<\/div>\n\t\t<\/div>\n\t\t\t\t\t<\/div>\n\t\t<\/section>\n\t\t\t\t<section class=\"elementor-section elementor-top-section elementor-element elementor-element-3ae97e3 elementor-section-boxed elementor-section-height-default elementor-section-height-default\" data-id=\"3ae97e3\" data-element_type=\"section\" data-e-type=\"section\">\n\t\t\t\t\t\t<div class=\"elementor-container elementor-column-gap-default\">\n\t\t\t\t\t<div class=\"elementor-column elementor-col-100 elementor-top-column elementor-element elementor-element-f338735\" data-id=\"f338735\" data-element_type=\"column\" data-e-type=\"column\">\n\t\t\t<div class=\"elementor-widget-wrap elementor-element-populated\">\n\t\t\t\t\t\t<div class=\"elementor-element elementor-element-a5658f5 elementor-widget elementor-widget-text-editor\" data-id=\"a5658f5\" data-element_type=\"widget\" data-e-type=\"widget\" data-widget_type=\"text-editor.default\">\n\t\t\t\t<div class=\"elementor-widget-container\">\n\t\t\t\t\t\t\t\t\t<p>The <strong>Swiss manufacturer Vitra<\/strong> has established a strong vision of high-end furniture in the world of contemporary design. Why this reputation? Since its founding in the 1950s by Willi Fehlbaum, this family business has built one collaboration after another with the greatest designers and produced iconic pieces that stand the test of time. The result: whether you are an individual with a passion for beautiful pieces or a company looking for designer furniture for your professional spaces, Vitra products are an obvious choice.   <\/p>\t\t\t\t\t\t\t\t<\/div>\n\t\t\t\t<\/div>\n\t\t\t\t\t<\/div>\n\t\t<\/div>\n\t\t\t\t\t<\/div>\n\t\t<\/section>\n\t\t\t\t<section class=\"elementor-section elementor-top-section elementor-element elementor-element-ca31214 elementor-section-boxed elementor-section-height-default elementor-section-height-default\" data-id=\"ca31214\" data-element_type=\"section\" data-e-type=\"section\">\n\t\t\t\t\t\t<div class=\"elementor-container elementor-column-gap-default\">\n\t\t\t\t\t<div class=\"elementor-column elementor-col-100 elementor-top-column elementor-element elementor-element-ff3b152\" data-id=\"ff3b152\" data-element_type=\"column\" data-e-type=\"column\">\n\t\t\t<div class=\"elementor-widget-wrap elementor-element-populated\">\n\t\t\t\t\t\t<div class=\"elementor-element elementor-element-04dc94c elementor-widget elementor-widget-text-editor\" data-id=\"04dc94c\" data-element_type=\"widget\" data-e-type=\"widget\" data-widget_type=\"text-editor.default\">\n\t\t\t\t<div class=\"elementor-widget-container\">\n\t\t\t\t\t\t\t\t\t<p>Discover how Vitra became an essential reference in contemporary design through its collaborations with <strong>designers Charles and Ray Eames<\/strong>, Jean Prouv\u00e9, Verner Panton, Frank Gehry, and more recently the brothers Ronan and Erwan Bouroullec.<\/p>\t\t\t\t\t\t\t\t<\/div>\n\t\t\t\t<\/div>\n\t\t\t\t\t<\/div>\n\t\t<\/div>\n\t\t\t\t\t<\/div>\n\t\t<\/section>\n\t\t\t\t<section class=\"elementor-section elementor-top-section elementor-element elementor-element-2cb56bb elementor-section-boxed elementor-section-height-default elementor-section-height-default\" data-id=\"2cb56bb\" data-element_type=\"section\" data-e-type=\"section\">\n\t\t\t\t\t\t<div class=\"elementor-container elementor-column-gap-default\">\n\t\t\t\t\t<div class=\"elementor-column elementor-col-100 elementor-top-column elementor-element elementor-element-b612853\" data-id=\"b612853\" data-element_type=\"column\" data-e-type=\"column\">\n\t\t\t<div class=\"elementor-widget-wrap elementor-element-populated\">\n\t\t\t\t\t\t<div class=\"elementor-element elementor-element-4ea2287 elementor-widget elementor-widget-heading\" data-id=\"4ea2287\" data-element_type=\"widget\" data-e-type=\"widget\" data-widget_type=\"heading.default\">\n\t\t\t\t<div class=\"elementor-widget-container\">\n\t\t\t\t\t<h2 class=\"elementor-heading-title elementor-size-default\">Vitra: much more than a designer furniture manufacturer<\/h2>\t\t\t\t<\/div>\n\t\t\t\t<\/div>\n\t\t\t\t\t<\/div>\n\t\t<\/div>\n\t\t\t\t\t<\/div>\n\t\t<\/section>\n\t\t\t\t<section class=\"elementor-section elementor-top-section elementor-element elementor-element-e9a04cc elementor-section-boxed elementor-section-height-default elementor-section-height-default\" data-id=\"e9a04cc\" data-element_type=\"section\" data-e-type=\"section\">\n\t\t\t\t\t\t<div class=\"elementor-container elementor-column-gap-default\">\n\t\t\t\t\t<div class=\"elementor-column elementor-col-100 elementor-top-column elementor-element elementor-element-57a4c9e\" data-id=\"57a4c9e\" data-element_type=\"column\" data-e-type=\"column\">\n\t\t\t<div class=\"elementor-widget-wrap elementor-element-populated\">\n\t\t\t\t\t\t<div class=\"elementor-element elementor-element-e6088e6 elementor-widget elementor-widget-text-editor\" data-id=\"e6088e6\" data-element_type=\"widget\" data-e-type=\"widget\" data-widget_type=\"text-editor.default\">\n\t\t\t\t<div class=\"elementor-widget-container\">\n\t\t\t\t\t\t\t\t\t<p>What immediately sets Vitra apart from other contemporary furniture manufacturers is its unconditional commitment to furniture design and architecture. The <strong>Vitra Campus<\/strong> in Germany bears witness to this remarkable commitment. This site brings together buildings designed by renowned architects such as Frank Gehry, Zaha Hadid, and Tadao Ando. It also houses the Vitra Design Museum, which organizes exhibitions on the history and evolution of design. In this way, the Vitra Campus is both a production center, an exhibition venue, and a space for reflection on design. Undeniably, Vitra is committed to promoting a culture of design.     <\/p>\t\t\t\t\t\t\t\t<\/div>\n\t\t\t\t<\/div>\n\t\t\t\t\t<\/div>\n\t\t<\/div>\n\t\t\t\t\t<\/div>\n\t\t<\/section>\n\t\t\t\t<section class=\"elementor-section elementor-top-section elementor-element elementor-element-58d2ebd elementor-section-boxed elementor-section-height-default elementor-section-height-default\" data-id=\"58d2ebd\" data-element_type=\"section\" data-e-type=\"section\">\n\t\t\t\t\t\t<div class=\"elementor-container elementor-column-gap-default\">\n\t\t\t\t\t<div class=\"elementor-column elementor-col-100 elementor-top-column elementor-element elementor-element-8ca2c46\" data-id=\"8ca2c46\" data-element_type=\"column\" data-e-type=\"column\">\n\t\t\t<div class=\"elementor-widget-wrap elementor-element-populated\">\n\t\t\t\t\t\t<div class=\"elementor-element elementor-element-205184b elementor-widget elementor-widget-image\" data-id=\"205184b\" data-element_type=\"widget\" data-e-type=\"widget\" data-widget_type=\"image.default\">\n\t\t\t\t<div class=\"elementor-widget-container\">\n\t\t\t\t\t\t\t\t\t\t\t\t\t\t\t<img decoding=\"async\" width=\"680\" height=\"510\" src=\"https:\/\/www.jbonet-mobilier.com\/wp-content\/uploads\/2025\/05\/15707868.jpg\" class=\"attachment-large size-large wp-image-82673\" alt=\"Vitra Campus\" srcset=\"https:\/\/www.jbonet-mobilier.com\/wp-content\/uploads\/2025\/05\/15707868.jpg 680w, https:\/\/www.jbonet-mobilier.com\/wp-content\/uploads\/2025\/05\/15707868-300x225.jpg 300w\" sizes=\"(max-width: 680px) 100vw, 680px\" \/>\t\t\t\t\t\t\t\t\t\t\t\t\t\t\t<\/div>\n\t\t\t\t<\/div>\n\t\t\t\t\t<\/div>\n\t\t<\/div>\n\t\t\t\t\t<\/div>\n\t\t<\/section>\n\t\t\t\t<section class=\"elementor-section elementor-top-section elementor-element elementor-element-43c5a1f elementor-section-boxed elementor-section-height-default elementor-section-height-default\" data-id=\"43c5a1f\" data-element_type=\"section\" data-e-type=\"section\">\n\t\t\t\t\t\t<div class=\"elementor-container elementor-column-gap-default\">\n\t\t\t\t\t<div class=\"elementor-column elementor-col-100 elementor-top-column elementor-element elementor-element-2bde259\" data-id=\"2bde259\" data-element_type=\"column\" data-e-type=\"column\">\n\t\t\t<div class=\"elementor-widget-wrap elementor-element-populated\">\n\t\t\t\t\t\t<div class=\"elementor-element elementor-element-224f0e6 elementor-widget elementor-widget-text-editor\" data-id=\"224f0e6\" data-element_type=\"widget\" data-e-type=\"widget\" data-widget_type=\"text-editor.default\">\n\t\t\t\t<div class=\"elementor-widget-container\">\n\t\t\t\t\t\t\t\t\t<p>Much more than a simple designer furniture manufacturer, Vitra positions itself as a true benchmark in this sector\u2014always at the forefront of innovation. A label that stands the test of time without ever going out of style, offering iconic pieces for private interiors as well as corporate offices and other professional spaces. In its collections, every chair, every armchair, every stool, every table, <strong>every decorative object carries the story of modern design<\/strong>.   <\/p>\t\t\t\t\t\t\t\t<\/div>\n\t\t\t\t<\/div>\n\t\t\t\t\t<\/div>\n\t\t<\/div>\n\t\t\t\t\t<\/div>\n\t\t<\/section>\n\t\t\t\t<section class=\"elementor-section elementor-top-section elementor-element elementor-element-fd98a3f elementor-section-boxed elementor-section-height-default elementor-section-height-default\" data-id=\"fd98a3f\" data-element_type=\"section\" data-e-type=\"section\">\n\t\t\t\t\t\t<div class=\"elementor-container elementor-column-gap-default\">\n\t\t\t\t\t<div class=\"elementor-column elementor-col-50 elementor-top-column elementor-element elementor-element-faa01c4\" data-id=\"faa01c4\" data-element_type=\"column\" data-e-type=\"column\">\n\t\t\t<div class=\"elementor-widget-wrap elementor-element-populated\">\n\t\t\t\t\t\t<div class=\"elementor-element elementor-element-72af104 elementor-widget elementor-widget-text-editor\" data-id=\"72af104\" data-element_type=\"widget\" data-e-type=\"widget\" data-widget_type=\"text-editor.default\">\n\t\t\t\t<div class=\"elementor-widget-container\">\n\t\t\t\t\t\t\t\t\t<p>Also known as Eames Plastic Chairs, the <strong>Vitra Eames chairs<\/strong> are a perfect example. Despite being created in 1950, they remain best-sellers today, available in a wide range of colors and versions. Their adaptability is remarkable: these products easily meet contemporary needs, particularly in terms of sustainability, as the shells of the Eames Plastic Chairs have been made from recycled materials since 2024.  <\/p>\t\t\t\t\t\t\t\t<\/div>\n\t\t\t\t<\/div>\n\t\t\t\t\t<\/div>\n\t\t<\/div>\n\t\t\t\t<div class=\"elementor-column elementor-col-50 elementor-top-column elementor-element elementor-element-353dadc\" data-id=\"353dadc\" data-element_type=\"column\" data-e-type=\"column\">\n\t\t\t<div class=\"elementor-widget-wrap elementor-element-populated\">\n\t\t\t\t\t\t<div class=\"elementor-element elementor-element-027aca6 elementor-widget elementor-widget-image\" data-id=\"027aca6\" data-element_type=\"widget\" data-e-type=\"widget\" data-widget_type=\"image.default\">\n\t\t\t\t<div class=\"elementor-widget-container\">\n\t\t\t\t\t\t\t\t\t\t\t\t\t\t\t<img decoding=\"async\" width=\"1024\" height=\"716\" src=\"https:\/\/www.jbonet-mobilier.com\/wp-content\/uploads\/2025\/05\/thumb-vitra-au-bhv-1024x716.jpg\" class=\"attachment-large size-large wp-image-82674\" alt=\"Eames plastic chair Vitra contemporary design\" srcset=\"https:\/\/www.jbonet-mobilier.com\/wp-content\/uploads\/2025\/05\/thumb-vitra-au-bhv-1024x716.jpg 1024w, https:\/\/www.jbonet-mobilier.com\/wp-content\/uploads\/2025\/05\/thumb-vitra-au-bhv-300x210.jpg 300w, https:\/\/www.jbonet-mobilier.com\/wp-content\/uploads\/2025\/05\/thumb-vitra-au-bhv-768x537.jpg 768w, https:\/\/www.jbonet-mobilier.com\/wp-content\/uploads\/2025\/05\/thumb-vitra-au-bhv.jpg 1098w\" sizes=\"(max-width: 1024px) 100vw, 1024px\" \/>\t\t\t\t\t\t\t\t\t\t\t\t\t\t\t<\/div>\n\t\t\t\t<\/div>\n\t\t\t\t\t<\/div>\n\t\t<\/div>\n\t\t\t\t\t<\/div>\n\t\t<\/section>\n\t\t\t\t<section class=\"elementor-section elementor-top-section elementor-element elementor-element-ae8a88f elementor-section-boxed elementor-section-height-default elementor-section-height-default\" data-id=\"ae8a88f\" data-element_type=\"section\" data-e-type=\"section\">\n\t\t\t\t\t\t<div class=\"elementor-container elementor-column-gap-default\">\n\t\t\t\t\t<div class=\"elementor-column elementor-col-100 elementor-top-column elementor-element elementor-element-4f39922\" data-id=\"4f39922\" data-element_type=\"column\" data-e-type=\"column\">\n\t\t\t<div class=\"elementor-widget-wrap elementor-element-populated\">\n\t\t\t\t\t\t<div class=\"elementor-element elementor-element-7af037f elementor-widget elementor-widget-heading\" data-id=\"7af037f\" data-element_type=\"widget\" data-e-type=\"widget\" data-widget_type=\"heading.default\">\n\t\t\t\t<div class=\"elementor-widget-container\">\n\t\t\t\t\t<h2 class=\"elementor-heading-title elementor-size-default\">A closer look at Vitra\u2019s history: many iconic collaborations in stock!<\/h2>\t\t\t\t<\/div>\n\t\t\t\t<\/div>\n\t\t\t\t\t<\/div>\n\t\t<\/div>\n\t\t\t\t\t<\/div>\n\t\t<\/section>\n\t\t\t\t<section class=\"elementor-section elementor-top-section elementor-element elementor-element-7f0ba02 elementor-section-boxed elementor-section-height-default elementor-section-height-default\" data-id=\"7f0ba02\" data-element_type=\"section\" data-e-type=\"section\">\n\t\t\t\t\t\t<div class=\"elementor-container elementor-column-gap-default\">\n\t\t\t\t\t<div class=\"elementor-column elementor-col-100 elementor-top-column elementor-element elementor-element-cec1b19\" data-id=\"cec1b19\" data-element_type=\"column\" data-e-type=\"column\">\n\t\t\t<div class=\"elementor-widget-wrap elementor-element-populated\">\n\t\t\t\t\t\t<div class=\"elementor-element elementor-element-e65c886 elementor-widget elementor-widget-text-editor\" data-id=\"e65c886\" data-element_type=\"widget\" data-e-type=\"widget\" data-widget_type=\"text-editor.default\">\n\t\t\t\t<div class=\"elementor-widget-container\">\n\t\t\t\t\t\t\t\t\t<p>Vitra has built its reputation over the years through collaborations with renowned designers. In addition to the <a href=\"https:\/\/www.jbonet-mobilier.com\/en\/?p=82396\">exceptional designers Charles and Ray Eames<\/a>, who laid the foundations with iconic pieces such as the Eames Lounge Chair, the DSW chair, and the charming Eames Elephant, the brand has worked with other great names in design such as Jean Prouv\u00e9, Verner Panton, and Frank Gehry. <strong>An overview of these designers\u2019 iconic products<\/strong>, forever associated with the Vitra brand. <\/p>\t\t\t\t\t\t\t\t<\/div>\n\t\t\t\t<\/div>\n\t\t\t\t\t<\/div>\n\t\t<\/div>\n\t\t\t\t\t<\/div>\n\t\t<\/section>\n\t\t\t\t<section class=\"elementor-section elementor-top-section elementor-element elementor-element-88af0a9 elementor-section-boxed elementor-section-height-default elementor-section-height-default\" data-id=\"88af0a9\" data-element_type=\"section\" data-e-type=\"section\">\n\t\t\t\t\t\t<div class=\"elementor-container elementor-column-gap-default\">\n\t\t\t\t\t<div class=\"elementor-column elementor-col-100 elementor-top-column elementor-element elementor-element-6f46549\" data-id=\"6f46549\" data-element_type=\"column\" data-e-type=\"column\">\n\t\t\t<div class=\"elementor-widget-wrap elementor-element-populated\">\n\t\t\t\t\t\t<div class=\"elementor-element elementor-element-b28e0d5 elementor-widget elementor-widget-heading\" data-id=\"b28e0d5\" data-element_type=\"widget\" data-e-type=\"widget\" data-widget_type=\"heading.default\">\n\t\t\t\t<div class=\"elementor-widget-container\">\n\t\t\t\t\t<h3 class=\"elementor-heading-title elementor-size-default\">Charles &amp; Ray Eames furniture \u2013 Vitra: design icons for everyday life<\/h3>\t\t\t\t<\/div>\n\t\t\t\t<\/div>\n\t\t\t\t\t<\/div>\n\t\t<\/div>\n\t\t\t\t\t<\/div>\n\t\t<\/section>\n\t\t\t\t<section class=\"elementor-section elementor-top-section elementor-element elementor-element-8fbbe0e elementor-section-boxed elementor-section-height-default elementor-section-height-default\" data-id=\"8fbbe0e\" data-element_type=\"section\" data-e-type=\"section\">\n\t\t\t\t\t\t<div class=\"elementor-container elementor-column-gap-default\">\n\t\t\t\t\t<div class=\"elementor-column elementor-col-100 elementor-top-column elementor-element elementor-element-8e5a1b1\" data-id=\"8e5a1b1\" data-element_type=\"column\" data-e-type=\"column\">\n\t\t\t<div class=\"elementor-widget-wrap elementor-element-populated\">\n\t\t\t\t\t\t<div class=\"elementor-element elementor-element-d2e59c8 elementor-widget elementor-widget-image\" data-id=\"d2e59c8\" data-element_type=\"widget\" data-e-type=\"widget\" data-widget_type=\"image.default\">\n\t\t\t\t<div class=\"elementor-widget-container\">\n\t\t\t\t\t\t\t\t\t\t\t\t\t\t\t<img loading=\"lazy\" decoding=\"async\" width=\"1024\" height=\"773\" src=\"https:\/\/www.jbonet-mobilier.com\/wp-content\/uploads\/2025\/05\/8323838_La-Chaise-Eames-House_v_fullbleed_1440x-1024x773.jpg\" class=\"attachment-large size-large wp-image-82675\" alt=\"Vitra contemporary design Eames La Chaise\" srcset=\"https:\/\/www.jbonet-mobilier.com\/wp-content\/uploads\/2025\/05\/8323838_La-Chaise-Eames-House_v_fullbleed_1440x-1024x773.jpg 1024w, https:\/\/www.jbonet-mobilier.com\/wp-content\/uploads\/2025\/05\/8323838_La-Chaise-Eames-House_v_fullbleed_1440x-300x226.jpg 300w, https:\/\/www.jbonet-mobilier.com\/wp-content\/uploads\/2025\/05\/8323838_La-Chaise-Eames-House_v_fullbleed_1440x-768x580.jpg 768w, https:\/\/www.jbonet-mobilier.com\/wp-content\/uploads\/2025\/05\/8323838_La-Chaise-Eames-House_v_fullbleed_1440x.jpg 1440w\" sizes=\"(max-width: 1024px) 100vw, 1024px\" \/>\t\t\t\t\t\t\t\t\t\t\t\t\t\t\t<\/div>\n\t\t\t\t<\/div>\n\t\t\t\t<div class=\"elementor-element elementor-element-8c645e6 elementor-widget elementor-widget-text-editor\" data-id=\"8c645e6\" data-element_type=\"widget\" data-e-type=\"widget\" data-widget_type=\"text-editor.default\">\n\t\t\t\t<div class=\"elementor-widget-container\">\n\t\t\t\t\t\t\t\t\t<p><a href=\"https:\/\/www.vitra.com\/fr-fr\/product\/designer\/charles-and-ray-eames\">Charles and Ray Eames<\/a> are undoubtedly the most emblematic designers in the Vitra universe. Their collaboration with the Swiss manufacturer gave rise to pieces that have become global icons of modern comfort, such as the famous <strong>Eames Lounge Chair &amp; Ottoman<\/strong>. Beyond these elegant and functional products, pieces such as the Eames Elephant also illustrate Charles and Ray Eames\u2019 playful approach to design within the Vitra publishing house.  <\/p>\t\t\t\t\t\t\t\t<\/div>\n\t\t\t\t<\/div>\n\t\t\t\t\t<\/div>\n\t\t<\/div>\n\t\t\t\t\t<\/div>\n\t\t<\/section>\n\t\t\t\t<section class=\"elementor-section elementor-top-section elementor-element elementor-element-6b6da58 elementor-section-boxed elementor-section-height-default elementor-section-height-default\" data-id=\"6b6da58\" data-element_type=\"section\" data-e-type=\"section\">\n\t\t\t\t\t\t<div class=\"elementor-container elementor-column-gap-default\">\n\t\t\t\t\t<div class=\"elementor-column elementor-col-100 elementor-top-column elementor-element elementor-element-56bdc76\" data-id=\"56bdc76\" data-element_type=\"column\" data-e-type=\"column\">\n\t\t\t<div class=\"elementor-widget-wrap elementor-element-populated\">\n\t\t\t\t\t\t<div class=\"elementor-element elementor-element-f911650 elementor-widget elementor-widget-heading\" data-id=\"f911650\" data-element_type=\"widget\" data-e-type=\"widget\" data-widget_type=\"heading.default\">\n\t\t\t\t<div class=\"elementor-widget-container\">\n\t\t\t\t\t<h3 class=\"elementor-heading-title elementor-size-default\">Jean Prouv\u00e9 furniture \u2013 Vitra: construction-inspired furniture designed for use<\/h3>\t\t\t\t<\/div>\n\t\t\t\t<\/div>\n\t\t\t\t\t<\/div>\n\t\t<\/div>\n\t\t\t\t\t<\/div>\n\t\t<\/section>\n\t\t\t\t<section class=\"elementor-section elementor-top-section elementor-element elementor-element-d008833 elementor-section-boxed elementor-section-height-default elementor-section-height-default\" data-id=\"d008833\" data-element_type=\"section\" data-e-type=\"section\">\n\t\t\t\t\t\t<div class=\"elementor-container elementor-column-gap-default\">\n\t\t\t\t\t<div class=\"elementor-column elementor-col-100 elementor-top-column elementor-element elementor-element-0ea90e4\" data-id=\"0ea90e4\" data-element_type=\"column\" data-e-type=\"column\">\n\t\t\t<div class=\"elementor-widget-wrap elementor-element-populated\">\n\t\t\t\t\t\t<div class=\"elementor-element elementor-element-e14e207 elementor-widget elementor-widget-image\" data-id=\"e14e207\" data-element_type=\"widget\" data-e-type=\"widget\" data-widget_type=\"image.default\">\n\t\t\t\t<div class=\"elementor-widget-container\">\n\t\t\t\t\t\t\t\t\t\t\t\t\t\t\t<img loading=\"lazy\" decoding=\"async\" width=\"1000\" height=\"750\" src=\"https:\/\/www.jbonet-mobilier.com\/wp-content\/uploads\/2025\/05\/6510781_Maison-Prouve_Dining_close_preview.jpg\" class=\"attachment-large size-large wp-image-82676\" alt=\"Jean Prouv\u00e9 contemporary designer furniture Vitra\" srcset=\"https:\/\/www.jbonet-mobilier.com\/wp-content\/uploads\/2025\/05\/6510781_Maison-Prouve_Dining_close_preview.jpg 1000w, https:\/\/www.jbonet-mobilier.com\/wp-content\/uploads\/2025\/05\/6510781_Maison-Prouve_Dining_close_preview-300x225.jpg 300w, https:\/\/www.jbonet-mobilier.com\/wp-content\/uploads\/2025\/05\/6510781_Maison-Prouve_Dining_close_preview-768x576.jpg 768w\" sizes=\"(max-width: 1000px) 100vw, 1000px\" \/>\t\t\t\t\t\t\t\t\t\t\t\t\t\t\t<\/div>\n\t\t\t\t<\/div>\n\t\t\t\t<div class=\"elementor-element elementor-element-b02b332 elementor-widget elementor-widget-text-editor\" data-id=\"b02b332\" data-element_type=\"widget\" data-e-type=\"widget\" data-widget_type=\"text-editor.default\">\n\t\t\t\t<div class=\"elementor-widget-container\">\n\t\t\t\t\t\t\t\t\t<p>A visionary architect, <a href=\"https:\/\/www.vitra.com\/fr-fr\/product\/designer\/jean-prouve\">Jean Prouv\u00e9<\/a> distinguished himself by creating furniture that reflects perfect mastery of industrial materials and a pure structural logic inspired by the world of construction. Vitra now produces several of his iconic creations, including <strong>the Standard Chair, the Fauteuil de Salon, and the Table EM<\/strong>. Their clean design fits just as well in a corporate office as in a residential interior.  <\/p>\t\t\t\t\t\t\t\t<\/div>\n\t\t\t\t<\/div>\n\t\t\t\t\t<\/div>\n\t\t<\/div>\n\t\t\t\t\t<\/div>\n\t\t<\/section>\n\t\t\t\t<section class=\"elementor-section elementor-top-section elementor-element elementor-element-ce65555 elementor-section-boxed elementor-section-height-default elementor-section-height-default\" data-id=\"ce65555\" data-element_type=\"section\" data-e-type=\"section\">\n\t\t\t\t\t\t<div class=\"elementor-container elementor-column-gap-default\">\n\t\t\t\t\t<div class=\"elementor-column elementor-col-100 elementor-top-column elementor-element elementor-element-124c22d\" data-id=\"124c22d\" data-element_type=\"column\" data-e-type=\"column\">\n\t\t\t<div class=\"elementor-widget-wrap elementor-element-populated\">\n\t\t\t\t\t\t<div class=\"elementor-element elementor-element-1a8c50e elementor-widget elementor-widget-heading\" data-id=\"1a8c50e\" data-element_type=\"widget\" data-e-type=\"widget\" data-widget_type=\"heading.default\">\n\t\t\t\t<div class=\"elementor-widget-container\">\n\t\t\t\t\t<h3 class=\"elementor-heading-title elementor-size-default\">Verner Panton furniture \u2013 Vitra: futuristic, colorful furniture design<\/h3>\t\t\t\t<\/div>\n\t\t\t\t<\/div>\n\t\t\t\t\t<\/div>\n\t\t<\/div>\n\t\t\t\t\t<\/div>\n\t\t<\/section>\n\t\t\t\t<section class=\"elementor-section elementor-top-section elementor-element elementor-element-474d81c elementor-section-boxed elementor-section-height-default elementor-section-height-default\" data-id=\"474d81c\" data-element_type=\"section\" data-e-type=\"section\">\n\t\t\t\t\t\t<div class=\"elementor-container elementor-column-gap-default\">\n\t\t\t\t\t<div class=\"elementor-column elementor-col-100 elementor-top-column elementor-element elementor-element-bd3c9f1\" data-id=\"bd3c9f1\" data-element_type=\"column\" data-e-type=\"column\">\n\t\t\t<div class=\"elementor-widget-wrap elementor-element-populated\">\n\t\t\t\t\t\t<div class=\"elementor-element elementor-element-6252620 elementor-widget elementor-widget-image\" data-id=\"6252620\" data-element_type=\"widget\" data-e-type=\"widget\" data-widget_type=\"image.default\">\n\t\t\t\t<div class=\"elementor-widget-container\">\n\t\t\t\t\t\t\t\t\t\t\t\t\t\t\t<img loading=\"lazy\" decoding=\"async\" width=\"1000\" height=\"750\" src=\"https:\/\/www.jbonet-mobilier.com\/wp-content\/uploads\/2025\/05\/9338747_Panton-Chair-Metal-Side-Table-Terrace-Outdoor_preview.jpg\" class=\"attachment-large size-large wp-image-82677\" alt=\"Verner Panton chair design Vitra\" srcset=\"https:\/\/www.jbonet-mobilier.com\/wp-content\/uploads\/2025\/05\/9338747_Panton-Chair-Metal-Side-Table-Terrace-Outdoor_preview.jpg 1000w, https:\/\/www.jbonet-mobilier.com\/wp-content\/uploads\/2025\/05\/9338747_Panton-Chair-Metal-Side-Table-Terrace-Outdoor_preview-300x225.jpg 300w, https:\/\/www.jbonet-mobilier.com\/wp-content\/uploads\/2025\/05\/9338747_Panton-Chair-Metal-Side-Table-Terrace-Outdoor_preview-768x576.jpg 768w\" sizes=\"(max-width: 1000px) 100vw, 1000px\" \/>\t\t\t\t\t\t\t\t\t\t\t\t\t\t\t<\/div>\n\t\t\t\t<\/div>\n\t\t\t\t<div class=\"elementor-element elementor-element-3a24afa elementor-widget elementor-widget-text-editor\" data-id=\"3a24afa\" data-element_type=\"widget\" data-e-type=\"widget\" data-widget_type=\"text-editor.default\">\n\t\t\t\t<div class=\"elementor-widget-container\">\n\t\t\t\t\t\t\t\t\t<p>With <a href=\"https:\/\/www.vitra.com\/fr-fr\/product\/designer\/verner-panton\">Verner Panton<\/a>, Vitra celebrates a design that is futuristic, expressive, and deeply experimental. The Danish designer is behind the famous <strong>Panton Chair, the first chair made from a single piece of molded plastic<\/strong>. Stackable, this sculptural chair has become a manifesto of pop design. Verner Panton furniture also stands out for its flamboyant universe: a strong taste for color, experimentation with synthetic materials, sensory immersion, and more.   <\/p>\t\t\t\t\t\t\t\t<\/div>\n\t\t\t\t<\/div>\n\t\t\t\t\t<\/div>\n\t\t<\/div>\n\t\t\t\t\t<\/div>\n\t\t<\/section>\n\t\t\t\t<section class=\"elementor-section elementor-top-section elementor-element elementor-element-e85324a elementor-section-boxed elementor-section-height-default elementor-section-height-default\" data-id=\"e85324a\" data-element_type=\"section\" data-e-type=\"section\">\n\t\t\t\t\t\t<div class=\"elementor-container elementor-column-gap-default\">\n\t\t\t\t\t<div class=\"elementor-column elementor-col-100 elementor-top-column elementor-element elementor-element-68c1f5d\" data-id=\"68c1f5d\" data-element_type=\"column\" data-e-type=\"column\">\n\t\t\t<div class=\"elementor-widget-wrap elementor-element-populated\">\n\t\t\t\t\t\t<div class=\"elementor-element elementor-element-5dc0fd2 elementor-widget elementor-widget-heading\" data-id=\"5dc0fd2\" data-element_type=\"widget\" data-e-type=\"widget\" data-widget_type=\"heading.default\">\n\t\t\t\t<div class=\"elementor-widget-container\">\n\t\t\t\t\t<h3 class=\"elementor-heading-title elementor-size-default\">Frank Gehry furniture \u2013 Vitra: a bold furniture line that goes against traditional furniture<\/h3>\t\t\t\t<\/div>\n\t\t\t\t<\/div>\n\t\t\t\t\t<\/div>\n\t\t<\/div>\n\t\t\t\t\t<\/div>\n\t\t<\/section>\n\t\t\t\t<section class=\"elementor-section elementor-top-section elementor-element elementor-element-3384658 elementor-section-boxed elementor-section-height-default elementor-section-height-default\" data-id=\"3384658\" data-element_type=\"section\" data-e-type=\"section\">\n\t\t\t\t\t\t<div class=\"elementor-container elementor-column-gap-default\">\n\t\t\t\t\t<div class=\"elementor-column elementor-col-100 elementor-top-column elementor-element elementor-element-a803378\" data-id=\"a803378\" data-element_type=\"column\" data-e-type=\"column\">\n\t\t\t<div class=\"elementor-widget-wrap elementor-element-populated\">\n\t\t\t\t\t\t<div class=\"elementor-element elementor-element-7a6bb4a elementor-widget elementor-widget-image\" data-id=\"7a6bb4a\" data-element_type=\"widget\" data-e-type=\"widget\" data-widget_type=\"image.default\">\n\t\t\t\t<div class=\"elementor-widget-container\">\n\t\t\t\t\t\t\t\t\t\t\t\t\t\t\t<img loading=\"lazy\" decoding=\"async\" width=\"1000\" height=\"750\" src=\"https:\/\/www.jbonet-mobilier.com\/wp-content\/uploads\/2025\/05\/9132551_Wiggle-Stool-Wiggle-Side-Chair-Akari-10A_preview.jpg\" class=\"attachment-large size-large wp-image-82678\" alt=\"Wiggle Side Chair Vitra\" srcset=\"https:\/\/www.jbonet-mobilier.com\/wp-content\/uploads\/2025\/05\/9132551_Wiggle-Stool-Wiggle-Side-Chair-Akari-10A_preview.jpg 1000w, https:\/\/www.jbonet-mobilier.com\/wp-content\/uploads\/2025\/05\/9132551_Wiggle-Stool-Wiggle-Side-Chair-Akari-10A_preview-300x225.jpg 300w, https:\/\/www.jbonet-mobilier.com\/wp-content\/uploads\/2025\/05\/9132551_Wiggle-Stool-Wiggle-Side-Chair-Akari-10A_preview-768x576.jpg 768w\" sizes=\"(max-width: 1000px) 100vw, 1000px\" \/>\t\t\t\t\t\t\t\t\t\t\t\t\t\t\t<\/div>\n\t\t\t\t<\/div>\n\t\t\t\t<div class=\"elementor-element elementor-element-f0f3620 elementor-widget elementor-widget-text-editor\" data-id=\"f0f3620\" data-element_type=\"widget\" data-e-type=\"widget\" data-widget_type=\"text-editor.default\">\n\t\t\t\t<div class=\"elementor-widget-container\">\n\t\t\t\t\t\t\t\t\t<p>Famous for his deconstructed buildings such as the Guggenheim Museum Bilbao, <a href=\"https:\/\/www.vitra.com\/fr-fr\/product\/designer\/frank-gehry\">Frank Gehry<\/a> also created an innovative furniture line for Vitra. His <strong>Easy Edges furniture series<\/strong>, designed from simple layers of corrugated cardboard, disrupted the aesthetic codes of furniture design in the 1970s. The best known: the Wiggle Side Chair, a chair with undulating shapes and a sculptural look. Going against traditional furniture, these collectible pieces function as works of art within an interior or a professional space.   <\/p>\t\t\t\t\t\t\t\t<\/div>\n\t\t\t\t<\/div>\n\t\t\t\t\t<\/div>\n\t\t<\/div>\n\t\t\t\t\t<\/div>\n\t\t<\/section>\n\t\t\t\t<section class=\"elementor-section elementor-top-section elementor-element elementor-element-6e97ba4 elementor-section-boxed elementor-section-height-default elementor-section-height-default\" data-id=\"6e97ba4\" data-element_type=\"section\" data-e-type=\"section\">\n\t\t\t\t\t\t<div class=\"elementor-container elementor-column-gap-default\">\n\t\t\t\t\t<div class=\"elementor-column elementor-col-100 elementor-top-column elementor-element elementor-element-a06f746\" data-id=\"a06f746\" data-element_type=\"column\" data-e-type=\"column\">\n\t\t\t<div class=\"elementor-widget-wrap elementor-element-populated\">\n\t\t\t\t\t\t<div class=\"elementor-element elementor-element-361204b elementor-widget elementor-widget-heading\" data-id=\"361204b\" data-element_type=\"widget\" data-e-type=\"widget\" data-widget_type=\"heading.default\">\n\t\t\t\t<div class=\"elementor-widget-container\">\n\t\t\t\t\t<h2 class=\"elementor-heading-title elementor-size-default\">Integrating Vitra products into everyday life or your professional environment: it is possible with Jbonet!<\/h2>\t\t\t\t<\/div>\n\t\t\t\t<\/div>\n\t\t\t\t\t<\/div>\n\t\t<\/div>\n\t\t\t\t\t<\/div>\n\t\t<\/section>\n\t\t\t\t<section class=\"elementor-section elementor-top-section elementor-element elementor-element-3812c53 elementor-section-boxed elementor-section-height-default elementor-section-height-default\" data-id=\"3812c53\" data-element_type=\"section\" data-e-type=\"section\">\n\t\t\t\t\t\t<div class=\"elementor-container elementor-column-gap-default\">\n\t\t\t\t\t<div class=\"elementor-column elementor-col-100 elementor-top-column elementor-element elementor-element-5e37cca\" data-id=\"5e37cca\" data-element_type=\"column\" data-e-type=\"column\">\n\t\t\t<div class=\"elementor-widget-wrap elementor-element-populated\">\n\t\t\t\t\t\t<div class=\"elementor-element elementor-element-b68da71 elementor-widget elementor-widget-text-editor\" data-id=\"b68da71\" data-element_type=\"widget\" data-e-type=\"widget\" data-widget_type=\"text-editor.default\">\n\t\t\t\t<div class=\"elementor-widget-container\">\n\t\t\t\t\t\t\t\t\t<p>One of the great strengths of Vitra furniture is the versatility of these products. Whether you are a company looking for professional furniture for your reception areas, meeting rooms, or offices, or an individual passionate about design, Vitra can offer the chair, armchair, table, or stool that meets your expectations\u2014without ever sacrificing aesthetics for function. You can see this by browsing <a href=\"https:\/\/www.jbonet-mobilier.com\/en\/?page_id=81832&#038;href=\/fr\/10007040%3Fvsrsettings=10\">our catalog<\/a> to <strong>discover the many Vitra pieces in stock at Jbonet<\/strong>. The Swiss manufacturer has notably revolutionized workplace design by offering flexible, ergonomic solutions. Systems such as the Bouroullec brothers\u2019 Workbays or Barber &amp; Osgerby\u2019s Soft Work illustrate this desire to adapt furniture to new ways of working.     <\/p>\t\t\t\t\t\t\t\t<\/div>\n\t\t\t\t<\/div>\n\t\t\t\t\t<\/div>\n\t\t<\/div>\n\t\t\t\t\t<\/div>\n\t\t<\/section>\n\t\t\t\t<section class=\"elementor-section elementor-top-section elementor-element elementor-element-7dfd9cc elementor-section-boxed elementor-section-height-default elementor-section-height-default\" data-id=\"7dfd9cc\" data-element_type=\"section\" data-e-type=\"section\">\n\t\t\t\t\t\t<div class=\"elementor-container elementor-column-gap-default\">\n\t\t\t\t\t<div class=\"elementor-column elementor-col-100 elementor-top-column elementor-element elementor-element-9eaf5aa\" data-id=\"9eaf5aa\" data-element_type=\"column\" data-e-type=\"column\">\n\t\t\t<div class=\"elementor-widget-wrap elementor-element-populated\">\n\t\t\t\t\t\t<div class=\"elementor-element elementor-element-94dff69 elementor-widget elementor-widget-text-editor\" data-id=\"94dff69\" data-element_type=\"widget\" data-e-type=\"widget\" data-widget_type=\"text-editor.default\">\n\t\t\t\t<div class=\"elementor-widget-container\">\n\t\t\t\t\t\t\t\t\t<p>Need additional information? Our team is at your disposal to <strong>support you in selecting products<\/strong>. <a href=\"https:\/\/www.jbonet-mobilier.com\/en\/?page_id=81835\">Contact us<\/a> for personalized advice, a price request, or delivery. Choosing Jbonet to integrate Vitra products into your residential or professional spaces also means benefiting from tailored support to create made-to-measure atmospheres.  <\/p>\t\t\t\t\t\t\t\t<\/div>\n\t\t\t\t<\/div>\n\t\t\t\t\t<\/div>\n\t\t<\/div>\n\t\t\t\t\t<\/div>\n\t\t<\/section>\n\t\t\t\t<\/div>\n\t\t","protected":false},"excerpt":{"rendered":"<p>The Swiss manufacturer Vitra has established a strong vision of high-end furniture in the world of contemporary design. Why this reputation? Since its founding in the 1950s by Willi Fehlbaum, this family business has built one collaboration after another with the greatest designers and produced iconic pieces that stand the test of time. The result:&hellip;<\/p>\n","protected":false},"author":5,"featured_media":81899,"comment_status":"closed","ping_status":"open","sticky":false,"template":"","format":"standard","meta":{"footnotes":""},"categories":[423],"tags":[],"class_list":["post-82672","post","type-post","status-publish","format-standard","has-post-thumbnail","hentry","category-design"],"yoast_head":"<!-- This site is optimized with the Yoast SEO plugin v27.5 - https:\/\/yoast.com\/product\/yoast-seo-wordpress\/ -->\n<title>Why does Vitra remain an essential reference in contemporary design? - Jbonet | Mobilier Design et Bureau<\/title>\n<meta name=\"description\" content=\"Find out why Vitra is an essential reference in contemporary design: innovation, quality, iconic collaborations, and heritage.\" \/>\n<meta name=\"robots\" content=\"index, follow, max-snippet:-1, max-image-preview:large, max-video-preview:-1\" \/>\n<link rel=\"canonical\" href=\"https:\/\/www.jbonet-mobilier.com\/en\/why-does-vitra-remain-an-essential-reference-in-contemporary-design\/\" \/>\n<meta property=\"og:locale\" content=\"en_US\" \/>\n<meta property=\"og:type\" content=\"article\" \/>\n<meta property=\"og:title\" content=\"Why does Vitra remain an essential reference in contemporary design? - Jbonet | Mobilier Design et Bureau\" \/>\n<meta property=\"og:description\" content=\"Find out why Vitra is an essential reference in contemporary design: innovation, quality, iconic collaborations, and heritage.\" \/>\n<meta property=\"og:url\" content=\"https:\/\/www.jbonet-mobilier.com\/en\/why-does-vitra-remain-an-essential-reference-in-contemporary-design\/\" \/>\n<meta property=\"og:site_name\" content=\"Jbonet | Mobilier Design et Bureau\" \/>\n<meta property=\"article:publisher\" content=\"https:\/\/www.facebook.com\/jbonet.mobilier\/\" \/>\n<meta property=\"article:published_time\" content=\"2025-05-30T14:52:50+00:00\" \/>\n<meta property=\"article:modified_time\" content=\"2026-03-02T14:56:34+00:00\" \/>\n<meta property=\"og:image\" content=\"https:\/\/www.jbonet-mobilier.com\/wp-content\/uploads\/2023\/04\/vitra.png\" \/>\n\t<meta property=\"og:image:width\" content=\"354\" \/>\n\t<meta property=\"og:image:height\" content=\"472\" \/>\n\t<meta property=\"og:image:type\" content=\"image\/png\" \/>\n<meta name=\"author\" content=\"jbonet\" \/>\n<meta name=\"twitter:card\" content=\"summary_large_image\" \/>\n<meta name=\"twitter:label1\" content=\"Written by\" \/>\n\t<meta name=\"twitter:data1\" content=\"jbonet\" \/>\n\t<meta name=\"twitter:label2\" content=\"Est. reading time\" \/>\n\t<meta name=\"twitter:data2\" content=\"5 minutes\" \/>\n<script type=\"application\/ld+json\" class=\"yoast-schema-graph\">{\"@context\":\"https:\\\/\\\/schema.org\",\"@graph\":[{\"@type\":\"Article\",\"@id\":\"https:\\\/\\\/www.jbonet-mobilier.com\\\/en\\\/why-does-vitra-remain-an-essential-reference-in-contemporary-design\\\/#article\",\"isPartOf\":{\"@id\":\"https:\\\/\\\/www.jbonet-mobilier.com\\\/en\\\/why-does-vitra-remain-an-essential-reference-in-contemporary-design\\\/\"},\"author\":{\"name\":\"jbonet\",\"@id\":\"https:\\\/\\\/www.jbonet-mobilier.com\\\/en\\\/#\\\/schema\\\/person\\\/f38cd74d30ae5375774407fbbb1e9dba\"},\"headline\":\"Why does Vitra remain an essential reference in contemporary design?\",\"datePublished\":\"2025-05-30T14:52:50+00:00\",\"dateModified\":\"2026-03-02T14:56:34+00:00\",\"mainEntityOfPage\":{\"@id\":\"https:\\\/\\\/www.jbonet-mobilier.com\\\/en\\\/why-does-vitra-remain-an-essential-reference-in-contemporary-design\\\/\"},\"wordCount\":946,\"publisher\":{\"@id\":\"https:\\\/\\\/www.jbonet-mobilier.com\\\/en\\\/#organization\"},\"image\":{\"@id\":\"https:\\\/\\\/www.jbonet-mobilier.com\\\/en\\\/why-does-vitra-remain-an-essential-reference-in-contemporary-design\\\/#primaryimage\"},\"thumbnailUrl\":\"https:\\\/\\\/www.jbonet-mobilier.com\\\/wp-content\\\/uploads\\\/2023\\\/04\\\/vitra.png\",\"articleSection\":[\"Design\"],\"inLanguage\":\"en-US\"},{\"@type\":\"WebPage\",\"@id\":\"https:\\\/\\\/www.jbonet-mobilier.com\\\/en\\\/why-does-vitra-remain-an-essential-reference-in-contemporary-design\\\/\",\"url\":\"https:\\\/\\\/www.jbonet-mobilier.com\\\/en\\\/why-does-vitra-remain-an-essential-reference-in-contemporary-design\\\/\",\"name\":\"Why does Vitra remain an essential reference in contemporary design? - Jbonet | Mobilier Design et Bureau\",\"isPartOf\":{\"@id\":\"https:\\\/\\\/www.jbonet-mobilier.com\\\/en\\\/#website\"},\"primaryImageOfPage\":{\"@id\":\"https:\\\/\\\/www.jbonet-mobilier.com\\\/en\\\/why-does-vitra-remain-an-essential-reference-in-contemporary-design\\\/#primaryimage\"},\"image\":{\"@id\":\"https:\\\/\\\/www.jbonet-mobilier.com\\\/en\\\/why-does-vitra-remain-an-essential-reference-in-contemporary-design\\\/#primaryimage\"},\"thumbnailUrl\":\"https:\\\/\\\/www.jbonet-mobilier.com\\\/wp-content\\\/uploads\\\/2023\\\/04\\\/vitra.png\",\"datePublished\":\"2025-05-30T14:52:50+00:00\",\"dateModified\":\"2026-03-02T14:56:34+00:00\",\"description\":\"Find out why Vitra is an essential reference in contemporary design: innovation, quality, iconic collaborations, and heritage.\",\"breadcrumb\":{\"@id\":\"https:\\\/\\\/www.jbonet-mobilier.com\\\/en\\\/why-does-vitra-remain-an-essential-reference-in-contemporary-design\\\/#breadcrumb\"},\"inLanguage\":\"en-US\",\"potentialAction\":[{\"@type\":\"ReadAction\",\"target\":[\"https:\\\/\\\/www.jbonet-mobilier.com\\\/en\\\/why-does-vitra-remain-an-essential-reference-in-contemporary-design\\\/\"]}]},{\"@type\":\"ImageObject\",\"inLanguage\":\"en-US\",\"@id\":\"https:\\\/\\\/www.jbonet-mobilier.com\\\/en\\\/why-does-vitra-remain-an-essential-reference-in-contemporary-design\\\/#primaryimage\",\"url\":\"https:\\\/\\\/www.jbonet-mobilier.com\\\/wp-content\\\/uploads\\\/2023\\\/04\\\/vitra.png\",\"contentUrl\":\"https:\\\/\\\/www.jbonet-mobilier.com\\\/wp-content\\\/uploads\\\/2023\\\/04\\\/vitra.png\",\"width\":354,\"height\":472,\"caption\":\"Jbonet retailer of the Vitra brand contemporary design\"},{\"@type\":\"BreadcrumbList\",\"@id\":\"https:\\\/\\\/www.jbonet-mobilier.com\\\/en\\\/why-does-vitra-remain-an-essential-reference-in-contemporary-design\\\/#breadcrumb\",\"itemListElement\":[{\"@type\":\"ListItem\",\"position\":1,\"name\":\"Accueil\",\"item\":\"https:\\\/\\\/www.jbonet-mobilier.com\\\/en\\\/home\\\/\"},{\"@type\":\"ListItem\",\"position\":2,\"name\":\"Non class\u00e9\",\"item\":\"https:\\\/\\\/www.jbonet-mobilier.com\\\/en\\\/category\\\/non-classe\\\/\"},{\"@type\":\"ListItem\",\"position\":3,\"name\":\"Why does Vitra remain an essential reference in contemporary design?\"}]},{\"@type\":\"WebSite\",\"@id\":\"https:\\\/\\\/www.jbonet-mobilier.com\\\/en\\\/#website\",\"url\":\"https:\\\/\\\/www.jbonet-mobilier.com\\\/en\\\/\",\"name\":\"Jbonet mobilier\",\"description\":\"Jbonet Mobilier est sp\u00e9cialiste du design contemporain et de l&#039;am\u00e9nagement d&#039;espaces professionnels depuis 1975 \u00e0 Nice, Cannes, Monaco, Sophia Antipolis et alentours.\",\"publisher\":{\"@id\":\"https:\\\/\\\/www.jbonet-mobilier.com\\\/en\\\/#organization\"},\"alternateName\":\"Jbonet\",\"potentialAction\":[{\"@type\":\"SearchAction\",\"target\":{\"@type\":\"EntryPoint\",\"urlTemplate\":\"https:\\\/\\\/www.jbonet-mobilier.com\\\/en\\\/?s={search_term_string}\"},\"query-input\":{\"@type\":\"PropertyValueSpecification\",\"valueRequired\":true,\"valueName\":\"search_term_string\"}}],\"inLanguage\":\"en-US\"},{\"@type\":\"Organization\",\"@id\":\"https:\\\/\\\/www.jbonet-mobilier.com\\\/en\\\/#organization\",\"name\":\"Jbonet\",\"alternateName\":\"Jbonet mobilier\",\"url\":\"https:\\\/\\\/www.jbonet-mobilier.com\\\/en\\\/\",\"logo\":{\"@type\":\"ImageObject\",\"inLanguage\":\"en-US\",\"@id\":\"https:\\\/\\\/www.jbonet-mobilier.com\\\/en\\\/#\\\/schema\\\/logo\\\/image\\\/\",\"url\":\"https:\\\/\\\/www.jbonet-mobilier.com\\\/wp-content\\\/uploads\\\/2023\\\/01\\\/favicon-site-internet.png\",\"contentUrl\":\"https:\\\/\\\/www.jbonet-mobilier.com\\\/wp-content\\\/uploads\\\/2023\\\/01\\\/favicon-site-internet.png\",\"width\":512,\"height\":512,\"caption\":\"Jbonet\"},\"image\":{\"@id\":\"https:\\\/\\\/www.jbonet-mobilier.com\\\/en\\\/#\\\/schema\\\/logo\\\/image\\\/\"},\"sameAs\":[\"https:\\\/\\\/www.facebook.com\\\/jbonet.mobilier\\\/\",\"https:\\\/\\\/www.instagram.com\\\/jbonet_mobilier\\\/?hl=fr\",\"https:\\\/\\\/www.linkedin.com\\\/company\\\/3230729\",\"https:\\\/\\\/www.pinterest.fr\\\/JbonetDesign\\\/boards\\\/\"]},{\"@type\":\"Person\",\"@id\":\"https:\\\/\\\/www.jbonet-mobilier.com\\\/en\\\/#\\\/schema\\\/person\\\/f38cd74d30ae5375774407fbbb1e9dba\",\"name\":\"jbonet\",\"image\":{\"@type\":\"ImageObject\",\"inLanguage\":\"en-US\",\"@id\":\"https:\\\/\\\/secure.gravatar.com\\\/avatar\\\/95fa67a4f2e8dc89dfe865e3688ee82ec702a0fa2e19624870e039b21894a56a?s=96&d=mm&r=g\",\"url\":\"https:\\\/\\\/secure.gravatar.com\\\/avatar\\\/95fa67a4f2e8dc89dfe865e3688ee82ec702a0fa2e19624870e039b21894a56a?s=96&d=mm&r=g\",\"contentUrl\":\"https:\\\/\\\/secure.gravatar.com\\\/avatar\\\/95fa67a4f2e8dc89dfe865e3688ee82ec702a0fa2e19624870e039b21894a56a?s=96&d=mm&r=g\",\"caption\":\"jbonet\"},\"url\":\"https:\\\/\\\/www.jbonet-mobilier.com\\\/en\\\/author\\\/mdiopjbonet-mobilier-com\\\/\"}]}<\/script>\n<!-- \/ Yoast SEO plugin. -->","yoast_head_json":{"title":"Why does Vitra remain an essential reference in contemporary design? - Jbonet | Mobilier Design et Bureau","description":"Find out why Vitra is an essential reference in contemporary design: innovation, quality, iconic collaborations, and heritage.","robots":{"index":"index","follow":"follow","max-snippet":"max-snippet:-1","max-image-preview":"max-image-preview:large","max-video-preview":"max-video-preview:-1"},"canonical":"https:\/\/www.jbonet-mobilier.com\/en\/why-does-vitra-remain-an-essential-reference-in-contemporary-design\/","og_locale":"en_US","og_type":"article","og_title":"Why does Vitra remain an essential reference in contemporary design? - Jbonet | Mobilier Design et Bureau","og_description":"Find out why Vitra is an essential reference in contemporary design: innovation, quality, iconic collaborations, and heritage.","og_url":"https:\/\/www.jbonet-mobilier.com\/en\/why-does-vitra-remain-an-essential-reference-in-contemporary-design\/","og_site_name":"Jbonet | Mobilier Design et Bureau","article_publisher":"https:\/\/www.facebook.com\/jbonet.mobilier\/","article_published_time":"2025-05-30T14:52:50+00:00","article_modified_time":"2026-03-02T14:56:34+00:00","og_image":[{"width":354,"height":472,"url":"https:\/\/www.jbonet-mobilier.com\/wp-content\/uploads\/2023\/04\/vitra.png","type":"image\/png"}],"author":"jbonet","twitter_card":"summary_large_image","twitter_misc":{"Written by":"jbonet","Est. reading time":"5 minutes"},"schema":{"@context":"https:\/\/schema.org","@graph":[{"@type":"Article","@id":"https:\/\/www.jbonet-mobilier.com\/en\/why-does-vitra-remain-an-essential-reference-in-contemporary-design\/#article","isPartOf":{"@id":"https:\/\/www.jbonet-mobilier.com\/en\/why-does-vitra-remain-an-essential-reference-in-contemporary-design\/"},"author":{"name":"jbonet","@id":"https:\/\/www.jbonet-mobilier.com\/en\/#\/schema\/person\/f38cd74d30ae5375774407fbbb1e9dba"},"headline":"Why does Vitra remain an essential reference in contemporary design?","datePublished":"2025-05-30T14:52:50+00:00","dateModified":"2026-03-02T14:56:34+00:00","mainEntityOfPage":{"@id":"https:\/\/www.jbonet-mobilier.com\/en\/why-does-vitra-remain-an-essential-reference-in-contemporary-design\/"},"wordCount":946,"publisher":{"@id":"https:\/\/www.jbonet-mobilier.com\/en\/#organization"},"image":{"@id":"https:\/\/www.jbonet-mobilier.com\/en\/why-does-vitra-remain-an-essential-reference-in-contemporary-design\/#primaryimage"},"thumbnailUrl":"https:\/\/www.jbonet-mobilier.com\/wp-content\/uploads\/2023\/04\/vitra.png","articleSection":["Design"],"inLanguage":"en-US"},{"@type":"WebPage","@id":"https:\/\/www.jbonet-mobilier.com\/en\/why-does-vitra-remain-an-essential-reference-in-contemporary-design\/","url":"https:\/\/www.jbonet-mobilier.com\/en\/why-does-vitra-remain-an-essential-reference-in-contemporary-design\/","name":"Why does Vitra remain an essential reference in contemporary design? - Jbonet | Mobilier Design et Bureau","isPartOf":{"@id":"https:\/\/www.jbonet-mobilier.com\/en\/#website"},"primaryImageOfPage":{"@id":"https:\/\/www.jbonet-mobilier.com\/en\/why-does-vitra-remain-an-essential-reference-in-contemporary-design\/#primaryimage"},"image":{"@id":"https:\/\/www.jbonet-mobilier.com\/en\/why-does-vitra-remain-an-essential-reference-in-contemporary-design\/#primaryimage"},"thumbnailUrl":"https:\/\/www.jbonet-mobilier.com\/wp-content\/uploads\/2023\/04\/vitra.png","datePublished":"2025-05-30T14:52:50+00:00","dateModified":"2026-03-02T14:56:34+00:00","description":"Find out why Vitra is an essential reference in contemporary design: innovation, quality, iconic collaborations, and heritage.","breadcrumb":{"@id":"https:\/\/www.jbonet-mobilier.com\/en\/why-does-vitra-remain-an-essential-reference-in-contemporary-design\/#breadcrumb"},"inLanguage":"en-US","potentialAction":[{"@type":"ReadAction","target":["https:\/\/www.jbonet-mobilier.com\/en\/why-does-vitra-remain-an-essential-reference-in-contemporary-design\/"]}]},{"@type":"ImageObject","inLanguage":"en-US","@id":"https:\/\/www.jbonet-mobilier.com\/en\/why-does-vitra-remain-an-essential-reference-in-contemporary-design\/#primaryimage","url":"https:\/\/www.jbonet-mobilier.com\/wp-content\/uploads\/2023\/04\/vitra.png","contentUrl":"https:\/\/www.jbonet-mobilier.com\/wp-content\/uploads\/2023\/04\/vitra.png","width":354,"height":472,"caption":"Jbonet retailer of the Vitra brand contemporary design"},{"@type":"BreadcrumbList","@id":"https:\/\/www.jbonet-mobilier.com\/en\/why-does-vitra-remain-an-essential-reference-in-contemporary-design\/#breadcrumb","itemListElement":[{"@type":"ListItem","position":1,"name":"Accueil","item":"https:\/\/www.jbonet-mobilier.com\/en\/home\/"},{"@type":"ListItem","position":2,"name":"Non class\u00e9","item":"https:\/\/www.jbonet-mobilier.com\/en\/category\/non-classe\/"},{"@type":"ListItem","position":3,"name":"Why does Vitra remain an essential reference in contemporary design?"}]},{"@type":"WebSite","@id":"https:\/\/www.jbonet-mobilier.com\/en\/#website","url":"https:\/\/www.jbonet-mobilier.com\/en\/","name":"Jbonet mobilier","description":"Jbonet Mobilier est sp\u00e9cialiste du design contemporain et de l&#039;am\u00e9nagement d&#039;espaces professionnels depuis 1975 \u00e0 Nice, Cannes, Monaco, Sophia Antipolis et alentours.","publisher":{"@id":"https:\/\/www.jbonet-mobilier.com\/en\/#organization"},"alternateName":"Jbonet","potentialAction":[{"@type":"SearchAction","target":{"@type":"EntryPoint","urlTemplate":"https:\/\/www.jbonet-mobilier.com\/en\/?s={search_term_string}"},"query-input":{"@type":"PropertyValueSpecification","valueRequired":true,"valueName":"search_term_string"}}],"inLanguage":"en-US"},{"@type":"Organization","@id":"https:\/\/www.jbonet-mobilier.com\/en\/#organization","name":"Jbonet","alternateName":"Jbonet mobilier","url":"https:\/\/www.jbonet-mobilier.com\/en\/","logo":{"@type":"ImageObject","inLanguage":"en-US","@id":"https:\/\/www.jbonet-mobilier.com\/en\/#\/schema\/logo\/image\/","url":"https:\/\/www.jbonet-mobilier.com\/wp-content\/uploads\/2023\/01\/favicon-site-internet.png","contentUrl":"https:\/\/www.jbonet-mobilier.com\/wp-content\/uploads\/2023\/01\/favicon-site-internet.png","width":512,"height":512,"caption":"Jbonet"},"image":{"@id":"https:\/\/www.jbonet-mobilier.com\/en\/#\/schema\/logo\/image\/"},"sameAs":["https:\/\/www.facebook.com\/jbonet.mobilier\/","https:\/\/www.instagram.com\/jbonet_mobilier\/?hl=fr","https:\/\/www.linkedin.com\/company\/3230729","https:\/\/www.pinterest.fr\/JbonetDesign\/boards\/"]},{"@type":"Person","@id":"https:\/\/www.jbonet-mobilier.com\/en\/#\/schema\/person\/f38cd74d30ae5375774407fbbb1e9dba","name":"jbonet","image":{"@type":"ImageObject","inLanguage":"en-US","@id":"https:\/\/secure.gravatar.com\/avatar\/95fa67a4f2e8dc89dfe865e3688ee82ec702a0fa2e19624870e039b21894a56a?s=96&d=mm&r=g","url":"https:\/\/secure.gravatar.com\/avatar\/95fa67a4f2e8dc89dfe865e3688ee82ec702a0fa2e19624870e039b21894a56a?s=96&d=mm&r=g","contentUrl":"https:\/\/secure.gravatar.com\/avatar\/95fa67a4f2e8dc89dfe865e3688ee82ec702a0fa2e19624870e039b21894a56a?s=96&d=mm&r=g","caption":"jbonet"},"url":"https:\/\/www.jbonet-mobilier.com\/en\/author\/mdiopjbonet-mobilier-com\/"}]}},"_links":{"self":[{"href":"https:\/\/www.jbonet-mobilier.com\/en\/wp-json\/wp\/v2\/posts\/82672","targetHints":{"allow":["GET"]}}],"collection":[{"href":"https:\/\/www.jbonet-mobilier.com\/en\/wp-json\/wp\/v2\/posts"}],"about":[{"href":"https:\/\/www.jbonet-mobilier.com\/en\/wp-json\/wp\/v2\/types\/post"}],"author":[{"embeddable":true,"href":"https:\/\/www.jbonet-mobilier.com\/en\/wp-json\/wp\/v2\/users\/5"}],"replies":[{"embeddable":true,"href":"https:\/\/www.jbonet-mobilier.com\/en\/wp-json\/wp\/v2\/comments?post=82672"}],"version-history":[{"count":0,"href":"https:\/\/www.jbonet-mobilier.com\/en\/wp-json\/wp\/v2\/posts\/82672\/revisions"}],"wp:featuredmedia":[{"embeddable":true,"href":"https:\/\/www.jbonet-mobilier.com\/en\/wp-json\/wp\/v2\/media\/81899"}],"wp:attachment":[{"href":"https:\/\/www.jbonet-mobilier.com\/en\/wp-json\/wp\/v2\/media?parent=82672"}],"wp:term":[{"taxonomy":"category","embeddable":true,"href":"https:\/\/www.jbonet-mobilier.com\/en\/wp-json\/wp\/v2\/categories?post=82672"},{"taxonomy":"post_tag","embeddable":true,"href":"https:\/\/www.jbonet-mobilier.com\/en\/wp-json\/wp\/v2\/tags?post=82672"}],"curies":[{"name":"wp","href":"https:\/\/api.w.org\/{rel}","templated":true}]}}