{"id":83601,"date":"2022-05-24T15:13:55","date_gmt":"2022-05-24T13:13:55","guid":{"rendered":"https:\/\/www.jbonet-mobilier.com\/interview-with-remi-manager-of-the-jbonet-showroom-place-arson\/"},"modified":"2026-03-02T17:39:25","modified_gmt":"2026-03-02T16:39:25","slug":"interview-with-remi-manager-of-the-jbonet-showroom-place-arson","status":"publish","type":"post","link":"https:\/\/www.jbonet-mobilier.com\/en\/interview-with-remi-manager-of-the-jbonet-showroom-place-arson\/","title":{"rendered":"Interview with R\u00e9mi, Manager of the Jbonet Showroom, Place Arson"},"content":{"rendered":"<p>After interviewing <a href=\"https:\/\/www.jbonet-mobilier.com\/en\/interview-with-christine-manager-of-jbonet-la-buffa-showroom\/\"><strong>Christine<\/strong>,<\/a> manager of the Jbonet showroom on La Buffa,<strong> it was R\u00e9mi, the manager of the Jbonet showroom at Place Arson, <\/strong>who stepped in front of our camera to grant us a brief interview. The showroom and summer trends are on the agenda. <\/p>\n<p>If you have not yet had the opportunity to see this interview, it is available here:<\/p>\n<blockquote class=\"instagram-media\" style=\"background: #FFF; border: 0; border-radius: 3px; box-shadow: 0 0 1px 0 rgba(0,0,0,0.5),0 1px 10px 0 rgba(0,0,0,0.15); margin: 1px; max-width: 540px; min-width: 326px; padding: 0; width: calc(100% - 2px);\" data-instgrm-captioned=\"\" data-instgrm-permalink=\"https:\/\/www.instagram.com\/tv\/CeQxBGmD7mB\/?utm_source=ig_embed&amp;utm_campaign=loading\" data-instgrm-version=\"14\">\n<div style=\"padding: 16px;\">\n<p>&nbsp;<\/p>\n<div style=\"display: flex; flex-direction: row; align-items: center;\">\n<div style=\"background-color: #f4f4f4; border-radius: 50%; flex-grow: 0; height: 40px; margin-right: 14px; width: 40px;\"><\/div>\n<div style=\"display: flex; flex-direction: column; flex-grow: 1; justify-content: center;\">\n<div style=\"background-color: #f4f4f4; border-radius: 4px; flex-grow: 0; height: 14px; margin-bottom: 6px; width: 100px;\"><\/div>\n<div style=\"background-color: #f4f4f4; border-radius: 4px; flex-grow: 0; height: 14px; width: 60px;\"><\/div>\n<\/div>\n<\/div>\n<div style=\"padding: 19% 0;\"><\/div>\n<div style=\"display: block; height: 50px; margin: 0 auto 12px; width: 50px;\"><\/div>\n<div style=\"padding-top: 8px;\">\n<div style=\"color: #3897f0; font-family: Arial,sans-serif; font-size: 14px; font-style: normal; font-weight: 550; line-height: 18px;\">View this post on Instagram<\/div>\n<\/div>\n<div style=\"padding: 12.5% 0;\"><\/div>\n<div style=\"display: flex; flex-direction: row; margin-bottom: 14px; align-items: center;\">\n<div>\n<div style=\"background-color: #f4f4f4; border-radius: 50%; height: 12.5px; width: 12.5px; transform: translateX(0px) translateY(7px);\"><\/div>\n<div style=\"background-color: #f4f4f4; height: 12.5px; transform: rotate(-45deg) translateX(3px) translateY(1px); width: 12.5px; flex-grow: 0; margin-right: 14px; margin-left: 2px;\"><\/div>\n<div style=\"background-color: #f4f4f4; border-radius: 50%; height: 12.5px; width: 12.5px; transform: translateX(9px) translateY(-18px);\"><\/div>\n<\/div>\n<div style=\"margin-left: 8px;\">\n<div style=\"background-color: #f4f4f4; border-radius: 50%; flex-grow: 0; height: 20px; width: 20px;\"><\/div>\n<div style=\"width: 0; height: 0; border-top: 2px solid transparent; border-left: 6px solid #f4f4f4; border-bottom: 2px solid transparent; transform: translateX(16px) translateY(-4px) rotate(30deg);\"><\/div>\n<\/div>\n<div style=\"margin-left: auto;\">\n<div style=\"width: 0px; border-top: 8px solid #F4F4F4; border-right: 8px solid transparent; transform: translateY(16px);\"><\/div>\n<div style=\"background-color: #f4f4f4; flex-grow: 0; height: 12px; width: 16px; transform: translateY(-4px);\"><\/div>\n<div style=\"width: 0; height: 0; border-top: 8px solid #F4F4F4; border-left: 8px solid transparent; transform: translateY(-4px) translateX(8px);\"><\/div>\n<\/div>\n<\/div>\n<div style=\"display: flex; flex-direction: column; flex-grow: 1; justify-content: center; margin-bottom: 24px;\">\n<div style=\"background-color: #f4f4f4; border-radius: 4px; flex-grow: 0; height: 14px; margin-bottom: 6px; width: 224px;\"><\/div>\n<div style=\"background-color: #f4f4f4; border-radius: 4px; flex-grow: 0; height: 14px; width: 144px;\"><\/div>\n<\/div>\n<p>&nbsp;<\/p>\n<p style=\"color: #c9c8cd; font-family: Arial,sans-serif; font-size: 14px; line-height: 17px; margin-bottom: 0; margin-top: 8px; overflow: hidden; padding: 8px 0 7px; text-align: center; text-overflow: ellipsis; white-space: nowrap;\"><a style=\"color: #c9c8cd; font-family: Arial,sans-serif; font-size: 14px; font-style: normal; font-weight: normal; line-height: 17px; text-decoration: none;\" href=\"https:\/\/www.instagram.com\/tv\/CeQxBGmD7mB\/?utm_source=ig_embed&amp;utm_campaign=loading\" target=\"_blank\" rel=\"noopener\">A post shared by Jbonet (@jbonet_mobilier)<\/a><\/p>\n<\/div>\n<\/blockquote>\n<p><script async=\"\" src=\"\/\/www.instagram.com\/embed.js\"><\/script><\/p>\n<h2 style=\"text-align: left;\"><strong>Written transcript:<\/strong><\/h2>\n<h3 style=\"text-align: left;\"><strong>Interview with R\u00e9mi, Manager of the Jbonet Showroom at Place Arson<\/strong><\/h3>\n<p style=\"text-align: left;\"><strong>1 &#8211; Please introduce yourself?<\/strong><\/p>\n<p><em>Hello, let me introduce myself, R\u00e9mi Jourdan. I have been the manager of the store at 25, rue Scali\u00e9ro at Jbonet for over 13 years. <\/em><\/p>\n<p><strong>2 \u2013 Which brands can be found at the Jbonet showroom at Place Arson?<\/strong><\/p>\n<p><em>Cassina, Poltrona Frau, Molteni, Vitra, Moroso, Zanotta&#8230;<\/em><\/p>\n<p><strong>3 \u2013 What are the furniture trends this summer?<\/strong><\/p>\n<p><em>A quick tip: this year&#8217;s and this summer&#8217;s trends are outdoor furniture on display at Jbonet with brands such as <strong><a href=\"https:\/\/www.jbonet-mobilier.com\/en\/the-carlotta-designer-armchair-by-cassina-for-your-terrace\/\">Cassina and Poltrona Frau featuring natural teak,<\/a><\/strong> and collections <strong><a href=\"https:\/\/www.jbonet-mobilier.com\/en\/two-essential-outdoor-design-tables\/\">like Le Corbusier<\/a> <\/strong>that are designed to withstand outdoor conditions. <\/em><\/p>\n<p><em>I invite you to come discover this magnificent showroom spanning over 300 square meters. See you very soon&#8230;Tuesday through Saturday, I will be delighted to welcome you. Thank you, see you soon&#8230; very soon!  <\/em><\/p>\n<p>&nbsp;<\/p>\n<p>Jbonet Showroom at Place Arson \u2013 25, rue Scali\u00e9ro, 06300 Nice &#8211; open Monday through Saturday, with R\u00e9mi present Tuesday through Saturday.<\/p>\n<p>To stay updated on our news, new pieces, conversations with the team, or special offers, follow us on our social media: <strong><a href=\"https:\/\/www.instagram.com\/jbonet_mobilier\/\">Instagram,<\/a> <a href=\"https:\/\/www.facebook.com\/jbonet.mobilier\/\">Facebook<\/a> and <a href=\"https:\/\/www.linkedin.com\/company\/jbonet\">LinkedIn.<\/a><\/strong><\/p>\n<p>&nbsp;<\/p>\n","protected":false},"excerpt":{"rendered":"<p>After interviewing Christine, manager of the Jbonet showroom on La Buffa, it was R\u00e9mi, the manager of the Jbonet showroom at Place Arson, who stepped in front of our camera to grant us a brief interview. The showroom and summer trends are on the agenda. If you have not yet had the opportunity to see&hellip;<\/p>\n","protected":false},"author":5,"featured_media":83603,"comment_status":"closed","ping_status":"closed","sticky":false,"template":"","format":"video","meta":{"footnotes":""},"categories":[425],"tags":[],"class_list":["post-83601","post","type-post","status-publish","format-video","has-post-thumbnail","hentry","category-news","post_format-post-format-video","category-425","description-off"],"yoast_head":"<!-- This site is optimized with the Yoast SEO plugin v27.5 - https:\/\/yoast.com\/product\/yoast-seo-wordpress\/ -->\n<title>Interview with R\u00e9mi, Manager of the Jbonet Showroom, Place Arson -<\/title>\n<meta name=\"description\" content=\"R\u00e9mi Jourdan, manager of the Jbonet showroom at Place Arson, participated in an interview to discuss this summer&#039;s trends\" \/>\n<meta name=\"robots\" content=\"index, follow, max-snippet:-1, max-image-preview:large, max-video-preview:-1\" \/>\n<link rel=\"canonical\" href=\"https:\/\/www.jbonet-mobilier.com\/en\/interview-with-remi-manager-of-the-jbonet-showroom-place-arson\/\" \/>\n<meta property=\"og:locale\" content=\"en_US\" \/>\n<meta property=\"og:type\" content=\"article\" \/>\n<meta property=\"og:title\" content=\"Interview with R\u00e9mi, Manager of the Jbonet Showroom, Place Arson -\" \/>\n<meta property=\"og:description\" content=\"R\u00e9mi Jourdan, manager of the Jbonet showroom at Place Arson, participated in an interview to discuss this summer&#039;s trends\" \/>\n<meta property=\"og:url\" content=\"https:\/\/www.jbonet-mobilier.com\/en\/interview-with-remi-manager-of-the-jbonet-showroom-place-arson\/\" \/>\n<meta property=\"og:site_name\" content=\"Jbonet | Mobilier Design et Bureau\" \/>\n<meta property=\"article:publisher\" content=\"https:\/\/www.facebook.com\/jbonet.mobilier\/\" \/>\n<meta property=\"article:published_time\" content=\"2022-05-24T13:13:55+00:00\" \/>\n<meta property=\"article:modified_time\" content=\"2026-03-02T16:39:25+00:00\" \/>\n<meta property=\"og:image\" content=\"https:\/\/www.jbonet-mobilier.com\/wp-content\/uploads\/2022\/06\/remi.jpg\" \/>\n\t<meta property=\"og:image:width\" content=\"721\" \/>\n\t<meta property=\"og:image:height\" content=\"664\" \/>\n\t<meta property=\"og:image:type\" content=\"image\/jpeg\" \/>\n<meta name=\"author\" content=\"jbonet\" \/>\n<meta name=\"twitter:card\" content=\"summary_large_image\" \/>\n<meta name=\"twitter:label1\" content=\"Written by\" \/>\n\t<meta name=\"twitter:data1\" content=\"jbonet\" \/>\n\t<meta name=\"twitter:label2\" content=\"Est. reading time\" \/>\n\t<meta name=\"twitter:data2\" content=\"1 minute\" \/>\n<script type=\"application\/ld+json\" class=\"yoast-schema-graph\">{\"@context\":\"https:\\\/\\\/schema.org\",\"@graph\":[{\"@type\":\"Article\",\"@id\":\"https:\\\/\\\/www.jbonet-mobilier.com\\\/en\\\/interview-with-remi-manager-of-the-jbonet-showroom-place-arson\\\/#article\",\"isPartOf\":{\"@id\":\"https:\\\/\\\/www.jbonet-mobilier.com\\\/en\\\/interview-with-remi-manager-of-the-jbonet-showroom-place-arson\\\/\"},\"author\":{\"name\":\"jbonet\",\"@id\":\"https:\\\/\\\/www.jbonet-mobilier.com\\\/en\\\/#\\\/schema\\\/person\\\/8e6c370a397c8fa0ef828f58239b66d4\"},\"headline\":\"Interview with R\u00e9mi, Manager of the Jbonet Showroom, Place Arson\",\"datePublished\":\"2022-05-24T13:13:55+00:00\",\"dateModified\":\"2026-03-02T16:39:25+00:00\",\"mainEntityOfPage\":{\"@id\":\"https:\\\/\\\/www.jbonet-mobilier.com\\\/en\\\/interview-with-remi-manager-of-the-jbonet-showroom-place-arson\\\/\"},\"wordCount\":279,\"publisher\":{\"@id\":\"https:\\\/\\\/www.jbonet-mobilier.com\\\/en\\\/#organization\"},\"image\":{\"@id\":\"https:\\\/\\\/www.jbonet-mobilier.com\\\/en\\\/interview-with-remi-manager-of-the-jbonet-showroom-place-arson\\\/#primaryimage\"},\"thumbnailUrl\":\"https:\\\/\\\/www.jbonet-mobilier.com\\\/wp-content\\\/uploads\\\/2022\\\/06\\\/remi.jpg\",\"articleSection\":[\"News\"],\"inLanguage\":\"en-US\"},{\"@type\":\"WebPage\",\"@id\":\"https:\\\/\\\/www.jbonet-mobilier.com\\\/en\\\/interview-with-remi-manager-of-the-jbonet-showroom-place-arson\\\/\",\"url\":\"https:\\\/\\\/www.jbonet-mobilier.com\\\/en\\\/interview-with-remi-manager-of-the-jbonet-showroom-place-arson\\\/\",\"name\":\"Interview with R\u00e9mi, Manager of the Jbonet Showroom, Place Arson -\",\"isPartOf\":{\"@id\":\"https:\\\/\\\/www.jbonet-mobilier.com\\\/en\\\/#website\"},\"primaryImageOfPage\":{\"@id\":\"https:\\\/\\\/www.jbonet-mobilier.com\\\/en\\\/interview-with-remi-manager-of-the-jbonet-showroom-place-arson\\\/#primaryimage\"},\"image\":{\"@id\":\"https:\\\/\\\/www.jbonet-mobilier.com\\\/en\\\/interview-with-remi-manager-of-the-jbonet-showroom-place-arson\\\/#primaryimage\"},\"thumbnailUrl\":\"https:\\\/\\\/www.jbonet-mobilier.com\\\/wp-content\\\/uploads\\\/2022\\\/06\\\/remi.jpg\",\"datePublished\":\"2022-05-24T13:13:55+00:00\",\"dateModified\":\"2026-03-02T16:39:25+00:00\",\"description\":\"R\u00e9mi Jourdan, manager of the Jbonet showroom at Place Arson, participated in an interview to discuss this summer's trends\",\"breadcrumb\":{\"@id\":\"https:\\\/\\\/www.jbonet-mobilier.com\\\/en\\\/interview-with-remi-manager-of-the-jbonet-showroom-place-arson\\\/#breadcrumb\"},\"inLanguage\":\"en-US\",\"potentialAction\":[{\"@type\":\"ReadAction\",\"target\":[\"https:\\\/\\\/www.jbonet-mobilier.com\\\/en\\\/interview-with-remi-manager-of-the-jbonet-showroom-place-arson\\\/\"]}]},{\"@type\":\"ImageObject\",\"inLanguage\":\"en-US\",\"@id\":\"https:\\\/\\\/www.jbonet-mobilier.com\\\/en\\\/interview-with-remi-manager-of-the-jbonet-showroom-place-arson\\\/#primaryimage\",\"url\":\"https:\\\/\\\/www.jbonet-mobilier.com\\\/wp-content\\\/uploads\\\/2022\\\/06\\\/remi.jpg\",\"contentUrl\":\"https:\\\/\\\/www.jbonet-mobilier.com\\\/wp-content\\\/uploads\\\/2022\\\/06\\\/remi.jpg\",\"width\":721,\"height\":664,\"caption\":\"R\u00e9mi Jourdan, manager of the Jbonet showroom at Place Arson\"},{\"@type\":\"BreadcrumbList\",\"@id\":\"https:\\\/\\\/www.jbonet-mobilier.com\\\/en\\\/interview-with-remi-manager-of-the-jbonet-showroom-place-arson\\\/#breadcrumb\",\"itemListElement\":[{\"@type\":\"ListItem\",\"position\":1,\"name\":\"Accueil\",\"item\":\"https:\\\/\\\/www.jbonet-mobilier.com\\\/en\\\/home\\\/\"},{\"@type\":\"ListItem\",\"position\":2,\"name\":\"Non class\u00e9\",\"item\":\"https:\\\/\\\/www.jbonet-mobilier.com\\\/en\\\/category\\\/non-classe\\\/\"},{\"@type\":\"ListItem\",\"position\":3,\"name\":\"Interview with R\u00e9mi, Manager of the Jbonet Showroom, Place Arson\"}]},{\"@type\":\"WebSite\",\"@id\":\"https:\\\/\\\/www.jbonet-mobilier.com\\\/en\\\/#website\",\"url\":\"https:\\\/\\\/www.jbonet-mobilier.com\\\/en\\\/\",\"name\":\"Jbonet mobilier\",\"description\":\"Jbonet Mobilier est sp\u00e9cialiste du design contemporain et de l&#039;am\u00e9nagement d&#039;espaces professionnels depuis 1975 \u00e0 Nice, Cannes, Monaco, Sophia Antipolis et alentours.\",\"publisher\":{\"@id\":\"https:\\\/\\\/www.jbonet-mobilier.com\\\/en\\\/#organization\"},\"alternateName\":\"Jbonet\",\"potentialAction\":[{\"@type\":\"SearchAction\",\"target\":{\"@type\":\"EntryPoint\",\"urlTemplate\":\"https:\\\/\\\/www.jbonet-mobilier.com\\\/en\\\/?s={search_term_string}\"},\"query-input\":{\"@type\":\"PropertyValueSpecification\",\"valueRequired\":true,\"valueName\":\"search_term_string\"}}],\"inLanguage\":\"en-US\"},{\"@type\":\"Organization\",\"@id\":\"https:\\\/\\\/www.jbonet-mobilier.com\\\/en\\\/#organization\",\"name\":\"Jbonet\",\"alternateName\":\"Jbonet mobilier\",\"url\":\"https:\\\/\\\/www.jbonet-mobilier.com\\\/en\\\/\",\"logo\":{\"@type\":\"ImageObject\",\"inLanguage\":\"en-US\",\"@id\":\"https:\\\/\\\/www.jbonet-mobilier.com\\\/en\\\/#\\\/schema\\\/logo\\\/image\\\/\",\"url\":\"https:\\\/\\\/www.jbonet-mobilier.com\\\/wp-content\\\/uploads\\\/2023\\\/01\\\/favicon-site-internet.png\",\"contentUrl\":\"https:\\\/\\\/www.jbonet-mobilier.com\\\/wp-content\\\/uploads\\\/2023\\\/01\\\/favicon-site-internet.png\",\"width\":512,\"height\":512,\"caption\":\"Jbonet\"},\"image\":{\"@id\":\"https:\\\/\\\/www.jbonet-mobilier.com\\\/en\\\/#\\\/schema\\\/logo\\\/image\\\/\"},\"sameAs\":[\"https:\\\/\\\/www.facebook.com\\\/jbonet.mobilier\\\/\",\"https:\\\/\\\/www.instagram.com\\\/jbonet_mobilier\\\/?hl=fr\",\"https:\\\/\\\/www.linkedin.com\\\/company\\\/3230729\",\"https:\\\/\\\/www.pinterest.fr\\\/JbonetDesign\\\/boards\\\/\"]},{\"@type\":\"Person\",\"@id\":\"https:\\\/\\\/www.jbonet-mobilier.com\\\/en\\\/#\\\/schema\\\/person\\\/8e6c370a397c8fa0ef828f58239b66d4\",\"name\":\"jbonet\",\"image\":{\"@type\":\"ImageObject\",\"inLanguage\":\"en-US\",\"@id\":\"https:\\\/\\\/secure.gravatar.com\\\/avatar\\\/95fa67a4f2e8dc89dfe865e3688ee82ec702a0fa2e19624870e039b21894a56a?s=96&d=mm&r=g\",\"url\":\"https:\\\/\\\/secure.gravatar.com\\\/avatar\\\/95fa67a4f2e8dc89dfe865e3688ee82ec702a0fa2e19624870e039b21894a56a?s=96&d=mm&r=g\",\"contentUrl\":\"https:\\\/\\\/secure.gravatar.com\\\/avatar\\\/95fa67a4f2e8dc89dfe865e3688ee82ec702a0fa2e19624870e039b21894a56a?s=96&d=mm&r=g\",\"caption\":\"jbonet\"},\"url\":\"https:\\\/\\\/www.jbonet-mobilier.com\\\/en\\\/author\\\/mdiopjbonet-mobilier-com\\\/\"}]}<\/script>\n<!-- \/ Yoast SEO plugin. -->","yoast_head_json":{"title":"Interview with R\u00e9mi, Manager of the Jbonet Showroom, Place Arson -","description":"R\u00e9mi Jourdan, manager of the Jbonet showroom at Place Arson, participated in an interview to discuss this summer's trends","robots":{"index":"index","follow":"follow","max-snippet":"max-snippet:-1","max-image-preview":"max-image-preview:large","max-video-preview":"max-video-preview:-1"},"canonical":"https:\/\/www.jbonet-mobilier.com\/en\/interview-with-remi-manager-of-the-jbonet-showroom-place-arson\/","og_locale":"en_US","og_type":"article","og_title":"Interview with R\u00e9mi, Manager of the Jbonet Showroom, Place Arson -","og_description":"R\u00e9mi Jourdan, manager of the Jbonet showroom at Place Arson, participated in an interview to discuss this summer's trends","og_url":"https:\/\/www.jbonet-mobilier.com\/en\/interview-with-remi-manager-of-the-jbonet-showroom-place-arson\/","og_site_name":"Jbonet | Mobilier Design et Bureau","article_publisher":"https:\/\/www.facebook.com\/jbonet.mobilier\/","article_published_time":"2022-05-24T13:13:55+00:00","article_modified_time":"2026-03-02T16:39:25+00:00","og_image":[{"width":721,"height":664,"url":"https:\/\/www.jbonet-mobilier.com\/wp-content\/uploads\/2022\/06\/remi.jpg","type":"image\/jpeg"}],"author":"jbonet","twitter_card":"summary_large_image","twitter_misc":{"Written by":"jbonet","Est. reading time":"1 minute"},"schema":{"@context":"https:\/\/schema.org","@graph":[{"@type":"Article","@id":"https:\/\/www.jbonet-mobilier.com\/en\/interview-with-remi-manager-of-the-jbonet-showroom-place-arson\/#article","isPartOf":{"@id":"https:\/\/www.jbonet-mobilier.com\/en\/interview-with-remi-manager-of-the-jbonet-showroom-place-arson\/"},"author":{"name":"jbonet","@id":"https:\/\/www.jbonet-mobilier.com\/en\/#\/schema\/person\/8e6c370a397c8fa0ef828f58239b66d4"},"headline":"Interview with R\u00e9mi, Manager of the Jbonet Showroom, Place Arson","datePublished":"2022-05-24T13:13:55+00:00","dateModified":"2026-03-02T16:39:25+00:00","mainEntityOfPage":{"@id":"https:\/\/www.jbonet-mobilier.com\/en\/interview-with-remi-manager-of-the-jbonet-showroom-place-arson\/"},"wordCount":279,"publisher":{"@id":"https:\/\/www.jbonet-mobilier.com\/en\/#organization"},"image":{"@id":"https:\/\/www.jbonet-mobilier.com\/en\/interview-with-remi-manager-of-the-jbonet-showroom-place-arson\/#primaryimage"},"thumbnailUrl":"https:\/\/www.jbonet-mobilier.com\/wp-content\/uploads\/2022\/06\/remi.jpg","articleSection":["News"],"inLanguage":"en-US"},{"@type":"WebPage","@id":"https:\/\/www.jbonet-mobilier.com\/en\/interview-with-remi-manager-of-the-jbonet-showroom-place-arson\/","url":"https:\/\/www.jbonet-mobilier.com\/en\/interview-with-remi-manager-of-the-jbonet-showroom-place-arson\/","name":"Interview with R\u00e9mi, Manager of the Jbonet Showroom, Place Arson -","isPartOf":{"@id":"https:\/\/www.jbonet-mobilier.com\/en\/#website"},"primaryImageOfPage":{"@id":"https:\/\/www.jbonet-mobilier.com\/en\/interview-with-remi-manager-of-the-jbonet-showroom-place-arson\/#primaryimage"},"image":{"@id":"https:\/\/www.jbonet-mobilier.com\/en\/interview-with-remi-manager-of-the-jbonet-showroom-place-arson\/#primaryimage"},"thumbnailUrl":"https:\/\/www.jbonet-mobilier.com\/wp-content\/uploads\/2022\/06\/remi.jpg","datePublished":"2022-05-24T13:13:55+00:00","dateModified":"2026-03-02T16:39:25+00:00","description":"R\u00e9mi Jourdan, manager of the Jbonet showroom at Place Arson, participated in an interview to discuss this summer's trends","breadcrumb":{"@id":"https:\/\/www.jbonet-mobilier.com\/en\/interview-with-remi-manager-of-the-jbonet-showroom-place-arson\/#breadcrumb"},"inLanguage":"en-US","potentialAction":[{"@type":"ReadAction","target":["https:\/\/www.jbonet-mobilier.com\/en\/interview-with-remi-manager-of-the-jbonet-showroom-place-arson\/"]}]},{"@type":"ImageObject","inLanguage":"en-US","@id":"https:\/\/www.jbonet-mobilier.com\/en\/interview-with-remi-manager-of-the-jbonet-showroom-place-arson\/#primaryimage","url":"https:\/\/www.jbonet-mobilier.com\/wp-content\/uploads\/2022\/06\/remi.jpg","contentUrl":"https:\/\/www.jbonet-mobilier.com\/wp-content\/uploads\/2022\/06\/remi.jpg","width":721,"height":664,"caption":"R\u00e9mi Jourdan, manager of the Jbonet showroom at Place Arson"},{"@type":"BreadcrumbList","@id":"https:\/\/www.jbonet-mobilier.com\/en\/interview-with-remi-manager-of-the-jbonet-showroom-place-arson\/#breadcrumb","itemListElement":[{"@type":"ListItem","position":1,"name":"Accueil","item":"https:\/\/www.jbonet-mobilier.com\/en\/home\/"},{"@type":"ListItem","position":2,"name":"Non class\u00e9","item":"https:\/\/www.jbonet-mobilier.com\/en\/category\/non-classe\/"},{"@type":"ListItem","position":3,"name":"Interview with R\u00e9mi, Manager of the Jbonet Showroom, Place Arson"}]},{"@type":"WebSite","@id":"https:\/\/www.jbonet-mobilier.com\/en\/#website","url":"https:\/\/www.jbonet-mobilier.com\/en\/","name":"Jbonet mobilier","description":"Jbonet Mobilier est sp\u00e9cialiste du design contemporain et de l&#039;am\u00e9nagement d&#039;espaces professionnels depuis 1975 \u00e0 Nice, Cannes, Monaco, Sophia Antipolis et alentours.","publisher":{"@id":"https:\/\/www.jbonet-mobilier.com\/en\/#organization"},"alternateName":"Jbonet","potentialAction":[{"@type":"SearchAction","target":{"@type":"EntryPoint","urlTemplate":"https:\/\/www.jbonet-mobilier.com\/en\/?s={search_term_string}"},"query-input":{"@type":"PropertyValueSpecification","valueRequired":true,"valueName":"search_term_string"}}],"inLanguage":"en-US"},{"@type":"Organization","@id":"https:\/\/www.jbonet-mobilier.com\/en\/#organization","name":"Jbonet","alternateName":"Jbonet mobilier","url":"https:\/\/www.jbonet-mobilier.com\/en\/","logo":{"@type":"ImageObject","inLanguage":"en-US","@id":"https:\/\/www.jbonet-mobilier.com\/en\/#\/schema\/logo\/image\/","url":"https:\/\/www.jbonet-mobilier.com\/wp-content\/uploads\/2023\/01\/favicon-site-internet.png","contentUrl":"https:\/\/www.jbonet-mobilier.com\/wp-content\/uploads\/2023\/01\/favicon-site-internet.png","width":512,"height":512,"caption":"Jbonet"},"image":{"@id":"https:\/\/www.jbonet-mobilier.com\/en\/#\/schema\/logo\/image\/"},"sameAs":["https:\/\/www.facebook.com\/jbonet.mobilier\/","https:\/\/www.instagram.com\/jbonet_mobilier\/?hl=fr","https:\/\/www.linkedin.com\/company\/3230729","https:\/\/www.pinterest.fr\/JbonetDesign\/boards\/"]},{"@type":"Person","@id":"https:\/\/www.jbonet-mobilier.com\/en\/#\/schema\/person\/8e6c370a397c8fa0ef828f58239b66d4","name":"jbonet","image":{"@type":"ImageObject","inLanguage":"en-US","@id":"https:\/\/secure.gravatar.com\/avatar\/95fa67a4f2e8dc89dfe865e3688ee82ec702a0fa2e19624870e039b21894a56a?s=96&d=mm&r=g","url":"https:\/\/secure.gravatar.com\/avatar\/95fa67a4f2e8dc89dfe865e3688ee82ec702a0fa2e19624870e039b21894a56a?s=96&d=mm&r=g","contentUrl":"https:\/\/secure.gravatar.com\/avatar\/95fa67a4f2e8dc89dfe865e3688ee82ec702a0fa2e19624870e039b21894a56a?s=96&d=mm&r=g","caption":"jbonet"},"url":"https:\/\/www.jbonet-mobilier.com\/en\/author\/mdiopjbonet-mobilier-com\/"}]}},"_links":{"self":[{"href":"https:\/\/www.jbonet-mobilier.com\/en\/wp-json\/wp\/v2\/posts\/83601","targetHints":{"allow":["GET"]}}],"collection":[{"href":"https:\/\/www.jbonet-mobilier.com\/en\/wp-json\/wp\/v2\/posts"}],"about":[{"href":"https:\/\/www.jbonet-mobilier.com\/en\/wp-json\/wp\/v2\/types\/post"}],"author":[{"embeddable":true,"href":"https:\/\/www.jbonet-mobilier.com\/en\/wp-json\/wp\/v2\/users\/5"}],"replies":[{"embeddable":true,"href":"https:\/\/www.jbonet-mobilier.com\/en\/wp-json\/wp\/v2\/comments?post=83601"}],"version-history":[{"count":0,"href":"https:\/\/www.jbonet-mobilier.com\/en\/wp-json\/wp\/v2\/posts\/83601\/revisions"}],"wp:featuredmedia":[{"embeddable":true,"href":"https:\/\/www.jbonet-mobilier.com\/en\/wp-json\/wp\/v2\/media\/83603"}],"wp:attachment":[{"href":"https:\/\/www.jbonet-mobilier.com\/en\/wp-json\/wp\/v2\/media?parent=83601"}],"wp:term":[{"taxonomy":"category","embeddable":true,"href":"https:\/\/www.jbonet-mobilier.com\/en\/wp-json\/wp\/v2\/categories?post=83601"},{"taxonomy":"post_tag","embeddable":true,"href":"https:\/\/www.jbonet-mobilier.com\/en\/wp-json\/wp\/v2\/tags?post=83601"}],"curies":[{"name":"wp","href":"https:\/\/api.w.org\/{rel}","templated":true}]}}